{"id":2124,"date":"2024-06-14T07:06:58","date_gmt":"2024-06-14T06:06:58","guid":{"rendered":"https:\/\/www.os-vransko.si\/oe-vrtec-vransko\/?p=2124"},"modified":"2024-06-14T07:21:29","modified_gmt":"2024-06-14T06:21:29","slug":"cicihribci","status":"publish","type":"post","link":"https:\/\/www.os-vransko.si\/oe-vrtec-vransko\/cicihribci\/","title":{"rendered":"CICIHRIBCI"},"content":{"rendered":"<p>[vc_row][vc_column][vc_column_text]V vrtcu Vransko vsakodnevno omogo\u010damo in spodbujamo otroke, da z razli\u010dnimi dejavnostmi v prostoru in na prostem spoznajo in razvijejo gibalne sposobnosti. Z gibanjem telesa je namre\u010d pogojeno zaznavanje okolice, prostora, \u010dasa in samega sebe.&nbsp; Otroci si tako razvijajo intelektualne sposobnosti, prav tako pa je gibanje pomembno pri&nbsp; socialnem in emocionalnem razvoju (Kurikulum, 2011). &nbsp;[\/vc_column_text][\/vc_column][\/vc_row][vc_row][vc_column width=&#8221;1\/2&#8243;][vc_separator color=&#8221;white&#8221;][vc_column_text]Vsi strokovni delavci se trudimo, da se otroci veliko gibajo v naravi in raziskujejo bli\u017enjo in daljno okolico, ki nam nudi \u0161tevilna izhodi\u0161\u010da za razli\u010dne aktivnosti. Tako smo se&nbsp; vsi oddelki vrtca Vransko v tem \u0161olskem letu enkrat mese\u010dno odpravili&nbsp; na dalj\u0161i sprehod oz. Cici pohod, ki je bil dalj\u0161i, skrbno na\u010drtovan in tematsko obarvan.[\/vc_column_text][\/vc_column][vc_column width=&#8221;1\/2&#8243;][vc_gallery type=&#8221;flexslider_slide&#8221; interval=&#8221;10&#8243; images=&#8221;2126,2127,2128,2129,2130,2131,2135,2136,2137,2138&#8243; img_size=&#8221;full&#8221; onclick=&#8221;&#8221;][\/vc_column][\/vc_row][vc_row][vc_column width=&#8221;1\/2&#8243;][vc_column_text]V mesecu septembru smo, v tednu mobilnosti,&nbsp; iskali in spoznavali prometne znake v okolici Vranskega, nato smo v mesecu po\u017earne varnosti, oktobru,&nbsp; iskali hidrante in gasilske domove. Novembra &nbsp;smo od\u0161li v gozd in ustvarili krog ali verigo prijateljstva in tako krepili socialne vezi. V&nbsp; decembru in januarju smo se poigrali z ugankami in iskali re\u0161itve v bli\u017enji in daljni okolici. Mesec februar je bil kulturno obarvan, saj smo odkrivali kulturne znamenitosti Vranskega.[\/vc_column_text][\/vc_column][vc_column width=&#8221;1\/2&#8243;][vc_column_text]Nato je pri\u0161el pomladni mesec marec, v katerem smo obele\u017eili svetovni dan voda, ter iskali razli\u010dne vodne vire in ugotovili, da so nekateri tudi precej onesna\u017eeni. V aprilu smo bili&nbsp; ekolo\u0161ko naravnani in sodelovali tako v \u010distilni akciji kot tudi na Podnebnem teku \u2013 pohodu. V mesecu maju pa smo opravili umetni\u0161ko obarvan pohod saj smo ustvarjali iz naravnih materialov in iskali razli\u010dne umetnine, ter tako uspe\u0161no opravili \u0161e en izziv.[\/vc_column_text][\/vc_column][\/vc_row][vc_row][vc_column][vc_column_text]Na vseh Cici pohodih smo bili zelo aktivni in uspe\u0161ni. Otroci starej\u0161ih oddelkov so si za svoj cilj izbirali dalj\u0161e poti, mlaj\u0161i otroci pa so raziskovali bli\u017eje vrtcu. Postali smo pravi raziskovalci in tudi vse bolj spretni pri premagovanju razli\u010dnih ovir. Bogatej\u0161i za nove izku\u0161nje \u017ee komaj \u010dakamo na nove pustolov\u0161\u010dine.<\/p>\n<p style=\"text-align: right;\">Koordinatorici Tja\u0161a Zakonj\u0161ek in Nives Novak<\/p>\n<p>[\/vc_column_text][\/vc_column][\/vc_row]<\/p>\n","protected":false},"excerpt":{"rendered":"<p>Vsi strokovni delavci se trudimo, da se otroci veliko gibajo v naravi in raziskujejo bli\u017enjo in daljno okolico, ki nam nudi \u0161tevilna izhodi\u0161\u010da za razli\u010dne aktivnosti. Tako smo se  vsi oddelki vrtca Vransko v tem \u0161olskem letu enkrat mese\u010dno odpravili  na dalj\u0161i sprehod oz. Cici pohod, ki je bil dalj\u0161i, skrbno na\u010drtovan in tematsko obarvan. <\/p>\n","protected":false},"author":1,"featured_media":2125,"comment_status":"closed","ping_status":"closed","sticky":false,"template":"","format":"standard","meta":{"ngg_post_thumbnail":0,"footnotes":""},"categories":[21,29,20],"tags":[],"class_list":["post-2124","post","type-post","status-publish","format-standard","has-post-thumbnail","hentry","category-obogatitvena-dejavnost","category-obogatitveni-dan","category-utrinki","odd"],"_links":{"self":[{"href":"https:\/\/www.os-vransko.si\/oe-vrtec-vransko\/wp-json\/wp\/v2\/posts\/2124","targetHints":{"allow":["GET"]}}],"collection":[{"href":"https:\/\/www.os-vransko.si\/oe-vrtec-vransko\/wp-json\/wp\/v2\/posts"}],"about":[{"href":"https:\/\/www.os-vransko.si\/oe-vrtec-vransko\/wp-json\/wp\/v2\/types\/post"}],"author":[{"embeddable":true,"href":"https:\/\/www.os-vransko.si\/oe-vrtec-vransko\/wp-json\/wp\/v2\/users\/1"}],"replies":[{"embeddable":true,"href":"https:\/\/www.os-vransko.si\/oe-vrtec-vransko\/wp-json\/wp\/v2\/comments?post=2124"}],"version-history":[{"count":4,"href":"https:\/\/www.os-vransko.si\/oe-vrtec-vransko\/wp-json\/wp\/v2\/posts\/2124\/revisions"}],"predecessor-version":[{"id":2133,"href":"https:\/\/www.os-vransko.si\/oe-vrtec-vransko\/wp-json\/wp\/v2\/posts\/2124\/revisions\/2133"}],"wp:featuredmedia":[{"embeddable":true,"href":"https:\/\/www.os-vransko.si\/oe-vrtec-vransko\/wp-json\/wp\/v2\/media\/2125"}],"wp:attachment":[{"href":"https:\/\/www.os-vransko.si\/oe-vrtec-vransko\/wp-json\/wp\/v2\/media?parent=2124"}],"wp:term":[{"taxonomy":"category","embeddable":true,"href":"https:\/\/www.os-vransko.si\/oe-vrtec-vransko\/wp-json\/wp\/v2\/categories?post=2124"},{"taxonomy":"post_tag","embeddable":true,"href":"https:\/\/www.os-vransko.si\/oe-vrtec-vransko\/wp-json\/wp\/v2\/tags?post=2124"}],"curies":[{"name":"wp","href":"https:\/\/api.w.org\/{rel}","templated":true}]}}