{"id":2336,"date":"2025-01-14T20:53:31","date_gmt":"2025-01-14T19:53:31","guid":{"rendered":"https:\/\/www.os-vransko.si\/oe-vrtec-vransko\/?p=2336"},"modified":"2025-01-14T20:54:41","modified_gmt":"2025-01-14T19:54:41","slug":"kaj-naj-postanem","status":"publish","type":"post","link":"https:\/\/www.os-vransko.si\/oe-vrtec-vransko\/kaj-naj-postanem\/","title":{"rendered":"Kaj naj postanem?"},"content":{"rendered":"<p>[vc_row][vc_column][vc_column_text]Eden izmed ciljev Kurikuluma za vrtca (1999), ki smo si ga zadali v mesecu novembru, spodbuja seznanjanje otrok z razli\u010dnimi funkcijami bli\u017enjega dru\u017ebenega okolja, s poklici ter delovnimi in kulturnimi okolji.[\/vc_column_text][\/vc_column][\/vc_row][vc_row][vc_column width=&#8221;1\/2&#8243;][vc_column_text]Zastavljen cilj smo v oddelku 4-5 v vrtcu Vransko med drugim posku\u0161ali dose\u010di z obiski delovnih okolij nekaterih star\u0161ev otrok iz oddelka. Tako smo spoznali poklic trgovca in vili\u010darista, g. Marka ter trgovke, ge. Petre, v bli\u017enji trgovini. V igralnici pa so nas z obiskom presenetile fotografinja ga. Darja in medicinska sestra, ga. Danjela, ki sta nam prakti\u010dno predstavili svoj poklic, sredstva in pripomo\u010dke, ki jih uporabljata pri svojem delu ter knji\u017eni\u010darka, ga. Tina, ki nam je dopoldan popestrila s pravlji\u010dno urico.[\/vc_column_text][\/vc_column][vc_column width=&#8221;1\/2&#8243;][vc_gallery type=&#8221;flexslider_slide&#8221; interval=&#8221;5&#8243; images=&#8221;2338,2339,2340,2341,2342,2343,2344,2345,2346,2347&#8243; img_size=&#8221;full&#8221; onclick=&#8221;&#8221;][\/vc_column][\/vc_row][vc_row][vc_column][vc_column_text]V raziskovanje poklicev smo vklju\u010dili tudi lokalno skupnost. Obiskali smo turisti\u010dno informatorko, go. Tanjo v Schwentnerjevi hi\u0161i, kjer smo si hkrati ogledali \u0161e na\u0161o razstavo ter knji\u017eni\u010darko, go. Valerijo v Ob\u010dinski knji\u017enici Vransko, ki nam je nazorno predstavila svoj poklic. Prijateljem iz vrtca Tabor smo \u017eeleli poslati pismo, zato smo se oglasili tudi na Po\u0161ti 3305 Vransko. Upravnica po\u0161te, ga. Polona, je na\u0161e pismo pri okencu najprej sprejela, nato pa smo ga skupaj odnesli do prostora za pismono\u0161e in ga usmerili v to\u010dno dolo\u010den predal\u010dek v potovniku.<\/p>\n<p>Imeli smo si mo\u017enost ogledati tudi kova\u010dijo na Vranskem, v kateri je pred leti deloval lokalni kova\u010d, g. Cencelj. Njegov sin, g. Jo\u017ee, nam je prikazal delo kova\u010da. Opazovali smo razpihovanje ognja, gretje kovinskih palic ter oblikovanje le-teh na nakovalu s kladivom. Nato pa s pri\u010dakovanjem gledali in \u0161e bolj poslu\u0161ali, kako se raz\u017earjena kovinska palica hladi v mrzli vodi. Lahko smo si ogledali najrazli\u010dnej\u0161e pripomo\u010dke za podkovanje in nego kopit ter opazovali demonstracijo podkovanja.<\/p>\n<p>Znanje o poklicih, ki smo jih spoznavali, smo poglabljali preko igre vlog. V igralnici so nastali razli\u010dni koti\u010dki: knji\u017enica, trgovina, foto koti\u010dek, zdravstveni dom, po\u0161ta z avtenti\u010dnimi sredstvi in pripomo\u010dki posameznih poklicev. Izdelovali smo okraske iz \u017eice, zabijali \u017eeblje, pisali pisma, idr. Informacije o poklicih smo iskali na internetu, si ogledali videoposnetke, listali revije, slikanice, leksikone, \u2026<\/p>\n<p>Raziskovanje poklicev ne bi bilo tako bogato in raznoliko brez odli\u010dnega sodelovanja s star\u0161i in z lokalno skupnostjo, za kar se vsem prej omenjenim iskreno zahvaljujemo.<\/p>\n<p>&#8220;Povej mi in bom pozabil, poka\u017ei mi in se bom spomnil, vklju\u010di me in bom razumel.&#8221; (kitajski pregovor)<\/p>\n<p style=\"text-align: right;\">Otroci odd. 4-5 z Matejo in Tatjano<\/p>\n<p>[\/vc_column_text][\/vc_column][\/vc_row]<\/p>\n","protected":false},"excerpt":{"rendered":"<p>Eden izmed ciljev Kurikuluma za vrtca (1999), ki smo si ga zadali v mesecu novembru, spodbuja seznanjanje otrok z razli\u010dnimi funkcijami bli\u017enjega dru\u017ebenega okolja, s poklici ter delovnimi in kulturnimi okolji.<\/p>\n","protected":false},"author":1,"featured_media":2337,"comment_status":"closed","ping_status":"closed","sticky":false,"template":"","format":"standard","meta":{"ngg_post_thumbnail":0,"footnotes":""},"categories":[20],"tags":[],"class_list":["post-2336","post","type-post","status-publish","format-standard","has-post-thumbnail","hentry","category-utrinki","odd"],"_links":{"self":[{"href":"https:\/\/www.os-vransko.si\/oe-vrtec-vransko\/wp-json\/wp\/v2\/posts\/2336","targetHints":{"allow":["GET"]}}],"collection":[{"href":"https:\/\/www.os-vransko.si\/oe-vrtec-vransko\/wp-json\/wp\/v2\/posts"}],"about":[{"href":"https:\/\/www.os-vransko.si\/oe-vrtec-vransko\/wp-json\/wp\/v2\/types\/post"}],"author":[{"embeddable":true,"href":"https:\/\/www.os-vransko.si\/oe-vrtec-vransko\/wp-json\/wp\/v2\/users\/1"}],"replies":[{"embeddable":true,"href":"https:\/\/www.os-vransko.si\/oe-vrtec-vransko\/wp-json\/wp\/v2\/comments?post=2336"}],"version-history":[{"count":3,"href":"https:\/\/www.os-vransko.si\/oe-vrtec-vransko\/wp-json\/wp\/v2\/posts\/2336\/revisions"}],"predecessor-version":[{"id":2349,"href":"https:\/\/www.os-vransko.si\/oe-vrtec-vransko\/wp-json\/wp\/v2\/posts\/2336\/revisions\/2349"}],"wp:featuredmedia":[{"embeddable":true,"href":"https:\/\/www.os-vransko.si\/oe-vrtec-vransko\/wp-json\/wp\/v2\/media\/2337"}],"wp:attachment":[{"href":"https:\/\/www.os-vransko.si\/oe-vrtec-vransko\/wp-json\/wp\/v2\/media?parent=2336"}],"wp:term":[{"taxonomy":"category","embeddable":true,"href":"https:\/\/www.os-vransko.si\/oe-vrtec-vransko\/wp-json\/wp\/v2\/categories?post=2336"},{"taxonomy":"post_tag","embeddable":true,"href":"https:\/\/www.os-vransko.si\/oe-vrtec-vransko\/wp-json\/wp\/v2\/tags?post=2336"}],"curies":[{"name":"wp","href":"https:\/\/api.w.org\/{rel}","templated":true}]}}