{"id":2453,"date":"2025-04-30T03:29:33","date_gmt":"2025-04-30T02:29:33","guid":{"rendered":"https:\/\/www.os-vransko.si\/oe-vrtec-vransko\/?p=2453"},"modified":"2025-05-05T03:35:52","modified_gmt":"2025-05-05T02:35:52","slug":"v-gozd-po-hrano","status":"publish","type":"post","link":"https:\/\/www.os-vransko.si\/oe-vrtec-vransko\/v-gozd-po-hrano\/","title":{"rendered":"V gozd po hrano"},"content":{"rendered":"<p>[vc_row][vc_column][vc_column_text]&nbsp;\u00bb\u010clovek je del dru\u017ebenega okolja, v katerem raste, \u017eivi in deluje. Da bi lahko otroci sodelovali z okoljem, vplivali nanj in ga pozneje aktivno spreminjali, morajo postopoma spoznati bli\u017enje dru\u017ebeno okolje in hkrati dobivati vpogled v \u0161ir\u0161o dru\u017ebo. Otroci spoznajo svoj doma\u010di kraj in se seznanijo s tem, kako so ljudje tod \u017eiveli v prej\u0161njih \u010dasih, ko so bili tudi bolj povezani z naravo.\u00ab (Kurikulum za vrtce)[\/vc_column_text][\/vc_column][\/vc_row][vc_row][vc_column width=&#8221;1\/2&#8243;][vc_column_text]Prvi pomladni dan je hkrati tudi Mednarodni dan gozdov, ki ga Zavod za gozdove Slovenije obele\u017euje na pobudo Organizacije Zdru\u017eenih narodov za kmetijstvo in prehrano (FAO). V letu 2025 poteka pod geslom: \u00bbGozd in hrana\u00ab. Ravno na ta dan smo se Gozdni \u0161kratki skupaj z gozdarjema Jo\u017eetom in \u0160pelo odpravili v gozd in raziskovali tematiko, ki jo je izpostavil FAO. Kot je zapisano tudi v Kurikulumu za vrtce, je pomembno, da otrok spoznava razli\u010dno prehrano, pridobiva navade zdravega in raznolikega prehranjevanje, ter ugotavlja, da mu u\u017eivanje razli\u010dne hrane in gibanja pomaga ohranjati zdravje.[\/vc_column_text][\/vc_column][vc_column width=&#8221;1\/2&#8243;][vc_separator color=&#8221;white&#8221;][vc_gallery type=&#8221;nivo&#8221; interval=&#8221;5&#8243; images=&#8221;2457,2458,2459,2460,2461&#8243; img_size=&#8221;full&#8221; onclick=&#8221;&#8221;][\/vc_column][\/vc_row][vc_row][vc_column][vc_column_text]Dan je bil dokaj mrzel in vetroven, zato smo \u0161li tokrat na son\u010den del gozda, na Bri\u0161e. Ker pot iz vrtca na Bri\u0161e vodi mimo pisarne na\u0161ih gozdarjev, smo ju \u0161li vsi skupaj iskat. V pisarni so radovedne otro\u0161ke o\u010di videle veliko zanimivega, zato se nismo mogli takoj odpraviti naprej. Gozdar Jo\u017ee je moral vse \u017eivali, ki so bile na steni, pokazati bli\u017eje, da so jih otroci lahko potipali in ugotavljali, katere sploh so in ali so prave. Kanja, orel in vrana so burile domi\u0161ljijo otrokom \u0161e del poti v gozd. Med hojo po gozdu so otroci pokazali, da imajo veliko znanja o pomladnih cvetlicah, gozdnih plodovih in drevesih. Gozdar je otrokom pokazal nekaj rastlin, ki so u\u017eitne tudi v pomladnem gozdu. \u017dve\u010dili smo divji regrat, ki ima vonj po kuhanem krompirju, deteljico, trobentice. &nbsp;Ugotovili smo, da je jesen veliko bolj bogata s hrano v gozdu. Otroci so se spomnili na kostanj, gozdne jagode, gobe,\u2026<\/p>\n<p>Nismo pa iskali samo po tleh, s pogledom navzgor smo ugotovili, da drevesa sploh nimajo listov. Spra\u0161evali smo se ali so se posu\u0161ila, ali so \u0161e \u017eiva. Ve\u010dina dreves je \u017eivih, vendar \u0161e niso pognala listov. Na\u0161li pa smo smreko, ki jo je pojedel lubadar. Pod lubjem je naredil pravo umetnino. \u010cas v gozdu je minil \u010disto prehitro, zato smo se odlo\u010dili, da gremo kmalu spet.<\/p>\n<p style=\"text-align: right;\">Gozdni \u0161krati z Brigito in Tja\u0161o<\/p>\n<p>[\/vc_column_text][\/vc_column][\/vc_row]<\/p>\n","protected":false},"excerpt":{"rendered":"<p>Pridru\u017eite se nam na \u010darobnem potovanju v gozd, kjer bomo odkrivali u\u017eitne rastline in spoznavali naravo skozi o\u010di radovednih otrok. \ud83c\udf32\ud83c\udf43 Spoznajte, kako lahko narava postane na\u0161a u\u010diteljica in vir zdrave prehrane!<\/p>\n","protected":false},"author":1,"featured_media":0,"comment_status":"closed","ping_status":"closed","sticky":false,"template":"","format":"standard","meta":{"ngg_post_thumbnail":0,"footnotes":""},"categories":[26,2,20],"tags":[],"class_list":["post-2453","post","type-post","status-publish","format-standard","hentry","category-mreza-gozdnih-vrtcev-in-sol","category-projekti","category-utrinki","odd"],"_links":{"self":[{"href":"https:\/\/www.os-vransko.si\/oe-vrtec-vransko\/wp-json\/wp\/v2\/posts\/2453","targetHints":{"allow":["GET"]}}],"collection":[{"href":"https:\/\/www.os-vransko.si\/oe-vrtec-vransko\/wp-json\/wp\/v2\/posts"}],"about":[{"href":"https:\/\/www.os-vransko.si\/oe-vrtec-vransko\/wp-json\/wp\/v2\/types\/post"}],"author":[{"embeddable":true,"href":"https:\/\/www.os-vransko.si\/oe-vrtec-vransko\/wp-json\/wp\/v2\/users\/1"}],"replies":[{"embeddable":true,"href":"https:\/\/www.os-vransko.si\/oe-vrtec-vransko\/wp-json\/wp\/v2\/comments?post=2453"}],"version-history":[{"count":6,"href":"https:\/\/www.os-vransko.si\/oe-vrtec-vransko\/wp-json\/wp\/v2\/posts\/2453\/revisions"}],"predecessor-version":[{"id":2465,"href":"https:\/\/www.os-vransko.si\/oe-vrtec-vransko\/wp-json\/wp\/v2\/posts\/2453\/revisions\/2465"}],"wp:attachment":[{"href":"https:\/\/www.os-vransko.si\/oe-vrtec-vransko\/wp-json\/wp\/v2\/media?parent=2453"}],"wp:term":[{"taxonomy":"category","embeddable":true,"href":"https:\/\/www.os-vransko.si\/oe-vrtec-vransko\/wp-json\/wp\/v2\/categories?post=2453"},{"taxonomy":"post_tag","embeddable":true,"href":"https:\/\/www.os-vransko.si\/oe-vrtec-vransko\/wp-json\/wp\/v2\/tags?post=2453"}],"curies":[{"name":"wp","href":"https:\/\/api.w.org\/{rel}","templated":true}]}}