{"id":1033,"date":"2022-11-08T03:59:40","date_gmt":"2022-11-08T02:59:40","guid":{"rendered":"https:\/\/www.os-vransko.si\/vrtec-tabor\/?p=1033"},"modified":"2022-11-08T04:03:19","modified_gmt":"2022-11-08T03:03:19","slug":"pri-zupanu","status":"publish","type":"post","link":"https:\/\/www.os-vransko.si\/vrtec-tabor\/pri-zupanu\/","title":{"rendered":"Pri \u017eupanu"},"content":{"rendered":"<p>[vc_row][vc_column width=&#8221;2\/3&#8243;][vc_column_text]V oddelku 5-6 let smo se v septembru spoznavali s krajem. \u017deleli smo raziskati, kaj nam je v\u0161e\u010d. \u017deleli smo sprejeti, da so nam v\u0161e\u010d razli\u010dne stvari. Na\u0161e predloge smo strnili k knjigo, ki je slu\u017eila kot protokolarno darilo \u017eupanu. Zanimalo nas je tudi, kaj po\u010dne \u017eupan. Ker je delo \u017eupana zelo kompleksno in te\u017eko razlo\u017eljivo najmlaj\u0161i publiki, smo spoznali del\u010dek njegovega dela. Spoznali smo, da je \u017eupan izvoljen in da sprejema razli\u010dne ideje in predloge ob\u010danov.<\/p>\n<p>Temu se ni te\u017eko upreti in na plakat smo zlili svoje ideje, kaj si v na\u0161i ob\u010dini \u017eelimo. \u017delje otrok niso vezane na denar in prostor, so ideje iskrenih \u017eelja, izku\u0161enj, prilo\u017enosti\u2026 Tako se je med njimi na\u0161lo letali\u0161\u010de, \u017eeleznica, bencinska \u010drpalka, vodnjak \u017eelja, kot tudi travniki z metulji, kmetije, konji. Pa \u010deprav samo za en dan, si \u017eelijo tak\u0161ne otro\u0161ke re\u010di napihljiv grad in avtomobil\u010dke zaletav\u010dke.[\/vc_column_text][\/vc_column][vc_column width=&#8221;1\/3&#8243;][vc_column_text]Alen: To je bil moj najbolj\u0161i dan.[\/vc_column_text][vc_gallery interval=&#8221;5&#8243; images=&#8221;1038,1039,1040&#8243; img_size=&#8221;full&#8221; onclick=&#8221;&#8221;][\/vc_column][\/vc_row][vc_row][vc_column][vc_column_text]S predlogi smo se odpravili k \u017eupanu in mu jih predstavili. \u017dupan nas je z veseljem sprejel in se zabaval ob na\u0161ih predlogih. Ni veliko obljubljal, nas je pa poslu\u0161al in se \u010dudil vsem idejam. Razlo\u017eil nam je, da kar nekaj tega \u017ee imamo, s novim trgom dobimo tudi vodnjak, ki izpolnjuje \u017eelje in prostor, kjer bi se lahko izpolnila kak\u0161na njihova \u017eelja.<\/p>\n<p>Zahvaljujemo se ob\u010dinski upravi za sodelovanje.<\/p>\n<p style=\"text-align: right;\">Oddelek 5-6 let z Matejo in Romano.<\/p>\n<p>[\/vc_column_text][\/vc_column][\/vc_row]<\/p>\n","protected":false},"excerpt":{"rendered":"<p>V oddelku 5-6 let smo se v septembru spoznavali s krajem. \u017deleli smo raziskati, kaj nam je v\u0161e\u010d. \u017deleli smo sprejeti, da so nam v\u0161e\u010d razli\u010dne stvari. Na\u0161e predloge smo strnili k knjigo, ki je slu\u017eila kot protokolarno darilo \u017eupanu. <\/p>\n","protected":false},"author":1,"featured_media":1034,"comment_status":"closed","ping_status":"closed","sticky":false,"template":"","format":"standard","meta":{"footnotes":""},"categories":[23],"tags":[],"class_list":["post-1033","post","type-post","status-publish","format-standard","has-post-thumbnail","hentry","category-utrinki-vrtec-tabor","odd"],"_links":{"self":[{"href":"https:\/\/www.os-vransko.si\/vrtec-tabor\/wp-json\/wp\/v2\/posts\/1033","targetHints":{"allow":["GET"]}}],"collection":[{"href":"https:\/\/www.os-vransko.si\/vrtec-tabor\/wp-json\/wp\/v2\/posts"}],"about":[{"href":"https:\/\/www.os-vransko.si\/vrtec-tabor\/wp-json\/wp\/v2\/types\/post"}],"author":[{"embeddable":true,"href":"https:\/\/www.os-vransko.si\/vrtec-tabor\/wp-json\/wp\/v2\/users\/1"}],"replies":[{"embeddable":true,"href":"https:\/\/www.os-vransko.si\/vrtec-tabor\/wp-json\/wp\/v2\/comments?post=1033"}],"version-history":[{"count":4,"href":"https:\/\/www.os-vransko.si\/vrtec-tabor\/wp-json\/wp\/v2\/posts\/1033\/revisions"}],"predecessor-version":[{"id":1037,"href":"https:\/\/www.os-vransko.si\/vrtec-tabor\/wp-json\/wp\/v2\/posts\/1033\/revisions\/1037"}],"wp:featuredmedia":[{"embeddable":true,"href":"https:\/\/www.os-vransko.si\/vrtec-tabor\/wp-json\/wp\/v2\/media\/1034"}],"wp:attachment":[{"href":"https:\/\/www.os-vransko.si\/vrtec-tabor\/wp-json\/wp\/v2\/media?parent=1033"}],"wp:term":[{"taxonomy":"category","embeddable":true,"href":"https:\/\/www.os-vransko.si\/vrtec-tabor\/wp-json\/wp\/v2\/categories?post=1033"},{"taxonomy":"post_tag","embeddable":true,"href":"https:\/\/www.os-vransko.si\/vrtec-tabor\/wp-json\/wp\/v2\/tags?post=1033"}],"curies":[{"name":"wp","href":"https:\/\/api.w.org\/{rel}","templated":true}]}}