{"id":1106,"date":"2022-12-04T21:52:36","date_gmt":"2022-12-04T20:52:36","guid":{"rendered":"https:\/\/www.os-vransko.si\/vrtec-tabor\/?p=1106"},"modified":"2022-12-04T22:04:33","modified_gmt":"2022-12-04T21:04:33","slug":"tradicionalni-slovenski-zajtrk","status":"publish","type":"post","link":"https:\/\/www.os-vransko.si\/vrtec-tabor\/tradicionalni-slovenski-zajtrk\/","title":{"rendered":"Tradicionalni Slovenski zajtrk"},"content":{"rendered":"<p>[vc_row][vc_column][vc_column_text]V petek, 18. novembra 2022 smo v Vrtcu Tabor obele\u017eili Tradicionalni slovenski zajtrk. \u017de med tednom smo spoznavali tako jabolka, mleko, \u010debele in kruh. Pekli \u017eemljice, jabol\u010dne mafine, obiskali kmetijo Lukman, \u010debelnjak pri Jezernikovih in spoznavali pomen \u010debel.<\/p>\n<p>Vse se povezuje na kro\u017eniku in v naravi. Brez opra\u0161evalcev ni jabolk in medu, brez naravnega in odgovornega kmetijstva&nbsp; pa ni opra\u0161evalcev. Ta ob\u010dutljiva bitja potrebujejo pomo\u010d vsakega izmed nas in \u010debelarjev.<\/p>\n<p>Otrokom smo preko lutkovne igre \u00bb\u010cebelje te\u017eave\u00ab, ki sva jo pripravile Mateja in jaz. \u017deleli sva prikazati del\u010dek \u017eivljenja \u010debel, pomen \u010debelarjev in vsakega izmed nas. Vsak s svojim ravnanjem in odlo\u010ditvami prispeva k bolj\u0161emu in lep\u0161emu jutri. Otroci so se zelo v\u017eiveli v ta dogodek, zato so imeli zelo zanimive izjave, in sicer:[\/vc_column_text][\/vc_column][\/vc_row][vc_row][vc_column width=&#8221;2\/3&#8243;][vc_column_text]Lian: \u00bbKo spijo \u010debele moramo biti tiho, da jih ne zbudimo, saj lahko umrejo.\u00ab<\/p>\n<p>Peter: \u00bbMeni je v\u0161e\u010d, da dobimo med.\u00ab<\/p>\n<p>Metka: \u00bb\u010cebela ima pet o\u010di.\u00ab<\/p>\n<p>Zala: \u00bbPred panjem ne sme\u0161 jesti banan.\u00ab<\/p>\n<p>Petra: \u00bb\u010cebele nabirajo cvetni prah.\u00ab<\/p>\n<p>Dino: \u00bb\u010ce ti ena \u010debela blizu o\u010dk prileti, mora\u0161 nadrobno pripreti o\u010di in zbe\u017eati.\u00ab<\/p>\n<p>Nik: \u00bb \u010ce te \u010debela pi\u010di umre.\u00ab<\/p>\n<p>\u017diva: \u00bbLahko te mrtva pi\u010di.\u00ab<\/p>\n<p>Tisa: \u00bbKo pride\u0161 blizu \u010debelnjaka, se objame\u0161 in pripne\u0161 o\u010di.\u00ab[\/vc_column_text][\/vc_column][vc_column width=&#8221;1\/3&#8243;][vc_gallery type=&#8221;nivo&#8221; interval=&#8221;5&#8243; images=&#8221;1112,1113,1114&#8243; img_size=&#8221;full&#8221; onclick=&#8221;&#8221;][\/vc_column][\/vc_row][vc_row][vc_column][vc_column_text]Za konec o spoznavanju &nbsp;\u010debel in njihovega delovanja, pa smo imeli ogled \u010debelarskega muzeja \u00bbAntona Pepela\u00ab v Ojstri\u0161ki vasi. Tam smo se posladkali z medenim \u010dajem in pi\u0161koti.<\/p>\n<p>Hvala gostom, da ste se odzvali vabilu in tako dali svoj pe\u010dat dnevu.<\/p>\n<p style=\"text-align: right;\">Koordinatorki&nbsp; Mateja in Ida<\/p>\n<p>[\/vc_column_text][\/vc_column][\/vc_row]<\/p>\n","protected":false},"excerpt":{"rendered":"<p>V petek, 18. novembra 2022 smo v Vrtcu Tabor obele\u017eili Tradicionalni slovenski zajtrk. \u017de med tednom smo spoznavali tako jabolka, mleko, \u010debele in kruh. Pekli \u017eemljice, jabol\u010dne mafine, obiskali kmetijo Lukman, \u010debelnjak pri Jezernikovih in spoznavali pomen \u010debel. <\/p>\n","protected":false},"author":1,"featured_media":1111,"comment_status":"closed","ping_status":"closed","sticky":false,"template":"","format":"standard","meta":{"footnotes":""},"categories":[24,2,23],"tags":[],"class_list":["post-1106","post","type-post","status-publish","format-standard","has-post-thumbnail","hentry","category-eko-vrtec","category-projekti","category-utrinki-vrtec-tabor","odd"],"_links":{"self":[{"href":"https:\/\/www.os-vransko.si\/vrtec-tabor\/wp-json\/wp\/v2\/posts\/1106","targetHints":{"allow":["GET"]}}],"collection":[{"href":"https:\/\/www.os-vransko.si\/vrtec-tabor\/wp-json\/wp\/v2\/posts"}],"about":[{"href":"https:\/\/www.os-vransko.si\/vrtec-tabor\/wp-json\/wp\/v2\/types\/post"}],"author":[{"embeddable":true,"href":"https:\/\/www.os-vransko.si\/vrtec-tabor\/wp-json\/wp\/v2\/users\/1"}],"replies":[{"embeddable":true,"href":"https:\/\/www.os-vransko.si\/vrtec-tabor\/wp-json\/wp\/v2\/comments?post=1106"}],"version-history":[{"count":7,"href":"https:\/\/www.os-vransko.si\/vrtec-tabor\/wp-json\/wp\/v2\/posts\/1106\/revisions"}],"predecessor-version":[{"id":1109,"href":"https:\/\/www.os-vransko.si\/vrtec-tabor\/wp-json\/wp\/v2\/posts\/1106\/revisions\/1109"}],"wp:featuredmedia":[{"embeddable":true,"href":"https:\/\/www.os-vransko.si\/vrtec-tabor\/wp-json\/wp\/v2\/media\/1111"}],"wp:attachment":[{"href":"https:\/\/www.os-vransko.si\/vrtec-tabor\/wp-json\/wp\/v2\/media?parent=1106"}],"wp:term":[{"taxonomy":"category","embeddable":true,"href":"https:\/\/www.os-vransko.si\/vrtec-tabor\/wp-json\/wp\/v2\/categories?post=1106"},{"taxonomy":"post_tag","embeddable":true,"href":"https:\/\/www.os-vransko.si\/vrtec-tabor\/wp-json\/wp\/v2\/tags?post=1106"}],"curies":[{"name":"wp","href":"https:\/\/api.w.org\/{rel}","templated":true}]}}