{"id":1169,"date":"2023-01-22T20:55:47","date_gmt":"2023-01-22T19:55:47","guid":{"rendered":"https:\/\/www.os-vransko.si\/vrtec-tabor\/?p=1169"},"modified":"2023-01-22T21:03:26","modified_gmt":"2023-01-22T20:03:26","slug":"najmlajsi-mahamo-v-pozdrav","status":"publish","type":"post","link":"https:\/\/www.os-vransko.si\/vrtec-tabor\/najmlajsi-mahamo-v-pozdrav\/","title":{"rendered":"NAJMLAJ\u0160I MAHAMO V POZDRAV"},"content":{"rendered":"<p>[vc_row][vc_column width=&#8221;2\/3&#8243;][vc_column_text]Mineva \u017ee peti mesec od kar so na\u0161i najmlaj\u0161i prestopili prag vrtca. Vsak dan z ve\u010djim nasmehom in brez joka vstopajo v na\u0161 vrt\u010devski&nbsp; svet, zato verjamemo, da se med nami po\u010dutijo varno in sprejeto. Prav tako so osvojili dnevno rutino ter \u017eivljenje in delo v vrtcu. Skozi pretekle mesece so postali mali raziskovalci. Vsak otrok se skozi ponujene dejavnosti ter igro, ki je spontana, prijetna in ustvarjalna, razvija v svojem ritmu. Preko igre otrok spoznava sebe in svet okoli sebe, hkrati se razvijajo razli\u010dne sposobnosti in spretnosti. Igra pomembno vpliva na razvoj otrokovega mi\u0161ljenja, na pridobivanje izku\u0161enj in znanja, igra vpliva na otrokovo \u010dustveno in socialno \u017eivljenje in vemo, da igra pomembno vpliva tudi na razvoj govora in gibanja. Trenutno prevladuje funkcijska igra, saj je tudi najpreprostej\u0161a igra, ki se v razvoju pojavi prva. Otroci preizku\u0161ajo svoje telo in predmete. Tipi\u010dne funkcijske igre so razli\u010dne vrste gibanja (plazenje, plezanje, guganje\u2026), tipanje in oku\u0161anje predmetov, vle\u010denje in prena\u0161anje stvari, odpiranje in zapiranje, presipanje in pretakanje snovi, gnetenje, me\u010dkanje, trganje\u2026 Nas igra spro\u0161\u010da in povezuje. Zato, \u010dim ve\u010d se igrajte, mi to po\u010dnemo vsak dan na zanimiv in zabaven na\u010din.<\/p>\n<p>Lep pozdrav do naslednji\u010d.<\/p>\n<p style=\"text-align: right;\">Nina Mak Lopan in Laura Ba\u0161i\u010d ter otroci oddelka 1-2 leti.<\/p>\n<p>[\/vc_column_text][\/vc_column][vc_column width=&#8221;1\/3&#8243;][vc_separator color=&#8221;white&#8221;][vc_gallery interval=&#8221;5&#8243; images=&#8221;1172,1173,1174,1175,1176,1177,1178,1179&#8243; img_size=&#8221;full&#8221; onclick=&#8221;&#8221;][\/vc_column][\/vc_row]<\/p>\n","protected":false},"excerpt":{"rendered":"<p>Mineva \u017ee peti mesec od kar so na\u0161i najmlaj\u0161i prestopili prag vrtca. Vsak dan z ve\u010djim nasmehom in brez joka vstopajo v na\u0161 vrt\u010devski\u00a0 svet, zato verjamemo, da se med nami po\u010dutijo varno in sprejeto.<\/p>\n","protected":false},"author":1,"featured_media":1170,"comment_status":"closed","ping_status":"closed","sticky":false,"template":"","format":"standard","meta":{"footnotes":""},"categories":[23],"tags":[],"class_list":["post-1169","post","type-post","status-publish","format-standard","has-post-thumbnail","hentry","category-utrinki-vrtec-tabor","odd"],"_links":{"self":[{"href":"https:\/\/www.os-vransko.si\/vrtec-tabor\/wp-json\/wp\/v2\/posts\/1169","targetHints":{"allow":["GET"]}}],"collection":[{"href":"https:\/\/www.os-vransko.si\/vrtec-tabor\/wp-json\/wp\/v2\/posts"}],"about":[{"href":"https:\/\/www.os-vransko.si\/vrtec-tabor\/wp-json\/wp\/v2\/types\/post"}],"author":[{"embeddable":true,"href":"https:\/\/www.os-vransko.si\/vrtec-tabor\/wp-json\/wp\/v2\/users\/1"}],"replies":[{"embeddable":true,"href":"https:\/\/www.os-vransko.si\/vrtec-tabor\/wp-json\/wp\/v2\/comments?post=1169"}],"version-history":[{"count":6,"href":"https:\/\/www.os-vransko.si\/vrtec-tabor\/wp-json\/wp\/v2\/posts\/1169\/revisions"}],"predecessor-version":[{"id":1180,"href":"https:\/\/www.os-vransko.si\/vrtec-tabor\/wp-json\/wp\/v2\/posts\/1169\/revisions\/1180"}],"wp:featuredmedia":[{"embeddable":true,"href":"https:\/\/www.os-vransko.si\/vrtec-tabor\/wp-json\/wp\/v2\/media\/1170"}],"wp:attachment":[{"href":"https:\/\/www.os-vransko.si\/vrtec-tabor\/wp-json\/wp\/v2\/media?parent=1169"}],"wp:term":[{"taxonomy":"category","embeddable":true,"href":"https:\/\/www.os-vransko.si\/vrtec-tabor\/wp-json\/wp\/v2\/categories?post=1169"},{"taxonomy":"post_tag","embeddable":true,"href":"https:\/\/www.os-vransko.si\/vrtec-tabor\/wp-json\/wp\/v2\/tags?post=1169"}],"curies":[{"name":"wp","href":"https:\/\/api.w.org\/{rel}","templated":true}]}}