{"id":1185,"date":"2023-01-23T07:38:49","date_gmt":"2023-01-23T06:38:49","guid":{"rendered":"https:\/\/www.os-vransko.si\/vrtec-tabor\/?p=1185"},"modified":"2023-01-23T07:39:20","modified_gmt":"2023-01-23T06:39:20","slug":"kdor-poje-slabo-ne-misli","status":"publish","type":"post","link":"https:\/\/www.os-vransko.si\/vrtec-tabor\/kdor-poje-slabo-ne-misli\/","title":{"rendered":"KDOR POJE SLABO NE MISLI\u2026"},"content":{"rendered":"<p>[vc_row][vc_column width=&#8221;2\/3&#8243;][vc_column_text]\u2026star rek govori o tem in otroci vrt\u010devskega otro\u0161kega pevskega zbora so pravi naslov za to. Svojo energijo in otro\u0161ko razigranost spro\u0161\u010dajo s petjem. Glasilka je mi\u0161ica, ki jo vsak torek dobro ogrejemo na vajah. Z otroki oddelka 5-6 let, vzgojiteljic Mateje Jezernik in Romane Orehovec, pridno vadimo petje in pesmice \u017ee od oktobra. December pa smo izkoristili in se kar trikrat predstavili. Ponosni smo, da smo sodelovali s Kavarno Lisjak, kjer smo s svojim petjem pripravili uvod v prazni\u010dni december. Prav tako smo s petjem pospremili slavnostni pri\u017eig lu\u010dk v vrtcu, za konec pa smo v sodelovanju z vsemi skupinami vrtca pripravili nastop na Jurjevem trgu, kjer smo mimoido\u010dim polep\u0161ali prazni\u010dni december. Bogatej\u0161i smo, \u0161e za eno izku\u0161njo. Tudi idej za naprej je \u0161e veliko.<\/p>\n<p>Pevski pozdrav, otroci oddelka 5-6 let in mentorica Nina Mak Lopan[\/vc_column_text][\/vc_column][vc_column width=&#8221;1\/3&#8243;][vc_separator color=&#8221;white&#8221;][vc_gallery interval=&#8221;3&#8243; images=&#8221;1186,1187,1188,1189&#8243; img_size=&#8221;full&#8221; onclick=&#8221;&#8221;][\/vc_column][\/vc_row]<\/p>\n","protected":false},"excerpt":{"rendered":"<p>KDOR POJE SLABO NE MISLI\u2026<br \/>\n\u2026star rek govori o tem in otroci vrt\u010devskega otro\u0161kega pevskega zbora so pravi naslov za to. Svojo energijo in otro\u0161ko razigranost spro\u0161\u010dajo s petjem. <\/p>\n","protected":false},"author":1,"featured_media":1191,"comment_status":"closed","ping_status":"closed","sticky":false,"template":"","format":"standard","meta":{"footnotes":""},"categories":[23],"tags":[],"class_list":["post-1185","post","type-post","status-publish","format-standard","has-post-thumbnail","hentry","category-utrinki-vrtec-tabor","odd"],"_links":{"self":[{"href":"https:\/\/www.os-vransko.si\/vrtec-tabor\/wp-json\/wp\/v2\/posts\/1185","targetHints":{"allow":["GET"]}}],"collection":[{"href":"https:\/\/www.os-vransko.si\/vrtec-tabor\/wp-json\/wp\/v2\/posts"}],"about":[{"href":"https:\/\/www.os-vransko.si\/vrtec-tabor\/wp-json\/wp\/v2\/types\/post"}],"author":[{"embeddable":true,"href":"https:\/\/www.os-vransko.si\/vrtec-tabor\/wp-json\/wp\/v2\/users\/1"}],"replies":[{"embeddable":true,"href":"https:\/\/www.os-vransko.si\/vrtec-tabor\/wp-json\/wp\/v2\/comments?post=1185"}],"version-history":[{"count":2,"href":"https:\/\/www.os-vransko.si\/vrtec-tabor\/wp-json\/wp\/v2\/posts\/1185\/revisions"}],"predecessor-version":[{"id":1192,"href":"https:\/\/www.os-vransko.si\/vrtec-tabor\/wp-json\/wp\/v2\/posts\/1185\/revisions\/1192"}],"wp:featuredmedia":[{"embeddable":true,"href":"https:\/\/www.os-vransko.si\/vrtec-tabor\/wp-json\/wp\/v2\/media\/1191"}],"wp:attachment":[{"href":"https:\/\/www.os-vransko.si\/vrtec-tabor\/wp-json\/wp\/v2\/media?parent=1185"}],"wp:term":[{"taxonomy":"category","embeddable":true,"href":"https:\/\/www.os-vransko.si\/vrtec-tabor\/wp-json\/wp\/v2\/categories?post=1185"},{"taxonomy":"post_tag","embeddable":true,"href":"https:\/\/www.os-vransko.si\/vrtec-tabor\/wp-json\/wp\/v2\/tags?post=1185"}],"curies":[{"name":"wp","href":"https:\/\/api.w.org\/{rel}","templated":true}]}}