{"id":1311,"date":"2023-04-12T05:22:44","date_gmt":"2023-04-12T04:22:44","guid":{"rendered":"https:\/\/www.os-vransko.si\/vrtec-tabor\/?p=1311"},"modified":"2023-04-12T05:31:32","modified_gmt":"2023-04-12T04:31:32","slug":"prvi-varuhi-potujoce-vodne-knjiznice","status":"publish","type":"post","link":"https:\/\/www.os-vransko.si\/vrtec-tabor\/prvi-varuhi-potujoce-vodne-knjiznice\/","title":{"rendered":"Prvi varuhi potujo\u010de vodne knji\u017enice"},"content":{"rendered":"<p>[vc_row][vc_column][vc_column_text]Letos je posebno mesto praznovanja v Vrtcu Tabor dobila tudi voda. Ta brezbarvna teko\u010dina, ki nam daje \u017eivljenje. Vse se je za\u010delo v vodi, vse se je gradilo ob vodi. Zdaj z infrastrukturo vse to malo izgublja pomen, a zato je \u0161e bolj pomembno, da vzdr\u017eujemo zavedanje o njej. Njej \u2013 vodi.[\/vc_column_text][\/vc_column][\/vc_row][vc_row][vc_column width=&#8221;2\/3&#8243;][vc_column_text]V Vrtcu Tabor \u017ee ve\u010d let sodelujemo z JKP \u017dalec, ki nam omogo\u010da ogled \u010distilne naprave v Ojstri\u0161ki vasi. Pogled v na\u0161o umazano vodo je prav tako pomemben kot v \u010disto. Zavedati se moramo, da smo veliki porabniki in tudi onesna\u017eevalci vode. Le s&nbsp; skupnimi mo\u010dmi nas bo ta \u010dist vodni svet osre\u010deval tudi v prihodnosti.<\/p>\n<p>Zelo smo po\u010da\u0161\u010deni, da smo bili ravno v Taboru dele\u017eni prvega obiska potujo\u010de vodne knji\u017enice. Z velikim ponosom&nbsp; in odgovornostjo jo bomo obogatili in poslali naprej primere na\u0161e dobre prakse in ideje ter najlep\u0161e izdelke na\u0161ih otrok.[\/vc_column_text][\/vc_column][vc_column width=&#8221;1\/3&#8243;][vc_separator color=&#8221;white&#8221;][vc_gallery type=&#8221;flexslider_slide&#8221; interval=&#8221;5&#8243; images=&#8221;1316,1317,1318,1319,1320,1321,1322,1323&#8243; img_size=&#8221;full&#8221; onclick=&#8221;&#8221;][\/vc_column][\/vc_row][vc_row][vc_column][vc_column_text]Z veseljem se bomo spominjali 21. marca 2023, svetovnega dneva voda, ko smo z&nbsp; gosti pripravili zelo lep dan. Vsi smo se potrudili, da bi otroci u\u017eivali in ob tem spoznavali nove vsebine ter urili spretnosti. Strokovno nam je pomagala&nbsp; Martina Kostanj\u0161ek, tehnologinja na Centralni \u010distilni napravi Kasaze, ki je odli\u010dno prepletla zgodbo Vodna vila in \u010cistil\u010dki in stvarnost v&nbsp; \u010distilni napravi.<\/p>\n<p>Irena Re\u017eek, avtorica in ilustratorka slikanice Vodna vila in \u010cistil\u010dki, je z nami slikala po ilustracijah svoje zgodbe, nam jo tudi prebrala in tako otrokom obogatila izku\u0161njo.[\/vc_column_text][\/vc_column][\/vc_row][vc_row][vc_column width=&#8221;1\/3&#8243;][vc_column_text]Otroci so se v vseh skupinah v vrtcu igrali z vodo, iskali njeno namembnost, jo \u010distili, \u010dakali, da izgine&nbsp;\u2026 V del dejavnosti so vklju\u010dili tudi posebne goste tega dne: direktorja JKP \u017dalec Janija Primo\u017ei\u010da, \u017eupana Marka Semprimo\u017enika, ravnateljico Majdo Pikl in pobudnico dogodka Teo Fin\u017egar Plav\u010dak, ki so se radi pozabavali z nami.[\/vc_column_text][\/vc_column][vc_column width=&#8221;1\/3&#8243;][vc_column_text]Jan, 6let \u2013 Naredili smo vodni tok, kako voda kro\u017ei. Naredili smo \u010distilno napravo, ki \u010disti vodo in voda gre v reko.<\/p>\n<p>Ema, 5let \u2013 kako pride voda do hi\u0161e po ceveh. \u010cista voda pride iz gorovja.<\/p>\n<p>Ana Patricia, 6 let \u2013 Pogovarjali smo se o vodnem krogu. Meni je bilo v\u0161e\u010d, da smo naredili oblak.<\/p>\n<p>A\u017ebe, 6let \u2013 v\u0161e\u010d mi je bilo, ko smo delali cevi. Te cevi povezujejo vodo do hi\u0161e. Delali smo vodni krog iz sonca, oblakov in de\u017eja.[\/vc_column_text][\/vc_column][vc_column width=&#8221;1\/3&#8243;][vc_column_text]Ajda, 6let \u2013 Meni je bilo v\u0161e\u010d, ko smo naredili vodo, ko je pri\u0161la iz gora. Pogovarjali smo se, da ne uporablja\u0161 preve\u010d vode, ker potem jo lahko zmanjka.<\/p>\n<p>\u017diva, 6let \u2013 Vodo smo o\u010distili rjavih balonov, da so ostali samo \u010disti.[\/vc_column_text][\/vc_column][\/vc_row][vc_row][vc_column][vc_column_text]Veliki finale tega dne smo si naredili na trgu, kjer so potrpe\u017eljivi poslu\u0161alci svoje vodne kapljice za vedno spremenili v \u010diste in poskusili vodo z novega pitnika.<\/p>\n<p>Vsak izmed nas je z vsakim dejanjem odgovoren za svet, v katerem bi radi bili. Vsak \u0161teje, zares \u010disto vsak! Hvala, ker ste del tega tudi vi.<\/p>\n<p>A\u017ebe, 6let -var\u010dujem z vodo, da se ne kopam.<\/p>\n<p>Ema, 5let \u2013 ugasnem vodo, ko si umivam zobe in ko si milim tudi ugasnem.[\/vc_column_text][\/vc_column][\/vc_row]<\/p>\n","protected":false},"excerpt":{"rendered":"<p>Letos je posebno mesto praznovanja v Vrtcu Tabor dobila tudi voda. Ta brezbarvna teko\u010dina, ki nam daje \u017eivljenje. Vse se je za\u010delo v vodi, vse se je gradilo ob vodi. Zdaj z infrastrukturo vse to malo izgublja pomen, a zato je \u0161e bolj pomembno, da vzdr\u017eujemo zavedanje o njej. Njej \u2013 vodi.<\/p>\n","protected":false},"author":1,"featured_media":1312,"comment_status":"closed","ping_status":"closed","sticky":false,"template":"","format":"standard","meta":{"footnotes":""},"categories":[24,2,23],"tags":[],"class_list":["post-1311","post","type-post","status-publish","format-standard","has-post-thumbnail","hentry","category-eko-vrtec","category-projekti","category-utrinki-vrtec-tabor","odd"],"_links":{"self":[{"href":"https:\/\/www.os-vransko.si\/vrtec-tabor\/wp-json\/wp\/v2\/posts\/1311","targetHints":{"allow":["GET"]}}],"collection":[{"href":"https:\/\/www.os-vransko.si\/vrtec-tabor\/wp-json\/wp\/v2\/posts"}],"about":[{"href":"https:\/\/www.os-vransko.si\/vrtec-tabor\/wp-json\/wp\/v2\/types\/post"}],"author":[{"embeddable":true,"href":"https:\/\/www.os-vransko.si\/vrtec-tabor\/wp-json\/wp\/v2\/users\/1"}],"replies":[{"embeddable":true,"href":"https:\/\/www.os-vransko.si\/vrtec-tabor\/wp-json\/wp\/v2\/comments?post=1311"}],"version-history":[{"count":7,"href":"https:\/\/www.os-vransko.si\/vrtec-tabor\/wp-json\/wp\/v2\/posts\/1311\/revisions"}],"predecessor-version":[{"id":1314,"href":"https:\/\/www.os-vransko.si\/vrtec-tabor\/wp-json\/wp\/v2\/posts\/1311\/revisions\/1314"}],"wp:featuredmedia":[{"embeddable":true,"href":"https:\/\/www.os-vransko.si\/vrtec-tabor\/wp-json\/wp\/v2\/media\/1312"}],"wp:attachment":[{"href":"https:\/\/www.os-vransko.si\/vrtec-tabor\/wp-json\/wp\/v2\/media?parent=1311"}],"wp:term":[{"taxonomy":"category","embeddable":true,"href":"https:\/\/www.os-vransko.si\/vrtec-tabor\/wp-json\/wp\/v2\/categories?post=1311"},{"taxonomy":"post_tag","embeddable":true,"href":"https:\/\/www.os-vransko.si\/vrtec-tabor\/wp-json\/wp\/v2\/tags?post=1311"}],"curies":[{"name":"wp","href":"https:\/\/api.w.org\/{rel}","templated":true}]}}