{"id":1363,"date":"2023-05-19T07:41:55","date_gmt":"2023-05-19T06:41:55","guid":{"rendered":"https:\/\/www.os-vransko.si\/vrtec-tabor\/?p=1363"},"modified":"2023-05-19T07:43:51","modified_gmt":"2023-05-19T06:43:51","slug":"16-cici-umetnije","status":"publish","type":"post","link":"https:\/\/www.os-vransko.si\/vrtec-tabor\/16-cici-umetnije\/","title":{"rendered":"16. Cici umetnije"},"content":{"rendered":"<p>[vc_row][vc_column][vc_column_text]Letos je potekal \u017ee 16. likovni nate\u010daj Ciciumetnija. Na nate\u010daju je sodelovalo ve\u010d kot 3800 del na temo Moj knji\u017eni junak, moja knji\u017ena junakinja.<\/p>\n<p>Na nate\u010daj smo se odzvali tudi z otroki oddelka 5-6 let Vrtca Tabor. Sodelovali smo tako z likovnimi kot kiparskimi izdelki. Med 150. razstavljeni izdelki je bilo tudi 7 na\u0161ih izdelkov. Zelo smo ponosne na Tiso Kova\u010d, Emo Lednik, Nika Pajnkiher, A\u017ebeta Cvilak, Viktorja Miklavc, Petro Zupan\u010di\u010d in<br \/>\nKijana Plot, ki so z deli krasili Slovenski etnografski muzeju v Ljubljani in v Lokarjevo galerijo v Ajdov\u0161\u010dini.[\/vc_column_text][\/vc_column][\/vc_row][vc_row][vc_column width=&#8221;2\/3&#8243;][vc_column_text]V za\u010detku marca se je sestavila strokovna komisija priznanih likovnih pedagogov in umetnikov: dr. Toma\u017e Zupan\u010di\u010d, dr. Tonka Tacol, mag. Alenka Vidrgar, akademska kiparka, Azad Karim, akademska slikarka, mag. Silva Karim in Maja \u017dugi\u010d. \u010clani komisije so bili navdu\u0161eni predvsem nad svobodo otrok v likovnem izra\u017eanju, nad iskanjem re\u0161itev pri likovnih izziv otroka, ki je pravilno nagovorjen in spodbujen s strani odraslega oz. pedagoga. Ima na voljo dovolj \u010dasa in pravega materiala, da se lahko zatopi v svoj svet ustvarjanja in izra\u017eanja njemu lastnih ob\u010dutij in razumevanja sveta, ki ga obkro\u017ea.<\/p>\n<p>Z vztrajnostjo in ustvarjalnostjo so ustvarili izdelke, ki jih je strokovna komisija prepoznala in nagradila z razstavo.<\/p>\n<p>Iskrene \u010destitke!<\/p>\n<p><em>Mentorice: Mateja Jezernik, Ur\u0161ka Nemiv\u0161ek in Katja Podgor\u0161ek<\/em>[\/vc_column_text][\/vc_column][vc_column width=&#8221;1\/3&#8243;][vc_single_image image=&#8221;1367&#8243; img_size=&#8221;full&#8221; alignment=&#8221;center&#8221;][\/vc_column][\/vc_row]<\/p>\n","protected":false},"excerpt":{"rendered":"<p>Letos je potekal \u017ee 16. likovni nate\u010daj Ciciumetnija. Na nate\u010daju je sodelovalo ve\u010d kot 3800 del na temo Moj knji\u017eni junak, moja knji\u017ena junakinja.<\/p>\n","protected":false},"author":1,"featured_media":1364,"comment_status":"closed","ping_status":"closed","sticky":false,"template":"","format":"standard","meta":{"footnotes":""},"categories":[23],"tags":[],"class_list":["post-1363","post","type-post","status-publish","format-standard","has-post-thumbnail","hentry","category-utrinki-vrtec-tabor","odd"],"_links":{"self":[{"href":"https:\/\/www.os-vransko.si\/vrtec-tabor\/wp-json\/wp\/v2\/posts\/1363","targetHints":{"allow":["GET"]}}],"collection":[{"href":"https:\/\/www.os-vransko.si\/vrtec-tabor\/wp-json\/wp\/v2\/posts"}],"about":[{"href":"https:\/\/www.os-vransko.si\/vrtec-tabor\/wp-json\/wp\/v2\/types\/post"}],"author":[{"embeddable":true,"href":"https:\/\/www.os-vransko.si\/vrtec-tabor\/wp-json\/wp\/v2\/users\/1"}],"replies":[{"embeddable":true,"href":"https:\/\/www.os-vransko.si\/vrtec-tabor\/wp-json\/wp\/v2\/comments?post=1363"}],"version-history":[{"count":3,"href":"https:\/\/www.os-vransko.si\/vrtec-tabor\/wp-json\/wp\/v2\/posts\/1363\/revisions"}],"predecessor-version":[{"id":1366,"href":"https:\/\/www.os-vransko.si\/vrtec-tabor\/wp-json\/wp\/v2\/posts\/1363\/revisions\/1366"}],"wp:featuredmedia":[{"embeddable":true,"href":"https:\/\/www.os-vransko.si\/vrtec-tabor\/wp-json\/wp\/v2\/media\/1364"}],"wp:attachment":[{"href":"https:\/\/www.os-vransko.si\/vrtec-tabor\/wp-json\/wp\/v2\/media?parent=1363"}],"wp:term":[{"taxonomy":"category","embeddable":true,"href":"https:\/\/www.os-vransko.si\/vrtec-tabor\/wp-json\/wp\/v2\/categories?post=1363"},{"taxonomy":"post_tag","embeddable":true,"href":"https:\/\/www.os-vransko.si\/vrtec-tabor\/wp-json\/wp\/v2\/tags?post=1363"}],"curies":[{"name":"wp","href":"https:\/\/api.w.org\/{rel}","templated":true}]}}