{"id":1382,"date":"2023-06-13T09:52:57","date_gmt":"2023-06-13T08:52:57","guid":{"rendered":"https:\/\/www.os-vransko.si\/vrtec-tabor\/?p=1382"},"modified":"2023-06-19T09:58:16","modified_gmt":"2023-06-19T08:58:16","slug":"naravoslovno-dramske-urice-v-vrtcu-tabor-3","status":"publish","type":"post","link":"https:\/\/www.os-vransko.si\/vrtec-tabor\/naravoslovno-dramske-urice-v-vrtcu-tabor-3\/","title":{"rendered":"Naravoslovno &#8211; dramske urice v vrtcu Tabor"},"content":{"rendered":"<p>[vc_row][vc_column][vc_column_text]Tokrat smo dopoldan kulinari\u010dno &nbsp;obarvali, raziskovali smo podro\u010dje juh. Za izhodi\u0161\u010de sva izbrali zgodbo <em>Stara<\/em> <em>muha<\/em>, <em>dobra<\/em> <em>juha<\/em>; <em>P.<\/em> <em>Suhodol\u010dan<\/em>. Podrobno smo spoznali tudi \u017eu\u017eelko muho in izdelali plakat.[\/vc_column_text][\/vc_column][\/vc_row][vc_row][vc_column width=&#8221;1\/2&#8243;][vc_column_text]Med branjem s pripovedovanjem in opisovanjem smo otroke spodbudili k razmi\u0161ljanju o pripravi juhe. Ob poslu\u0161anju in vklju\u010devanju v pripovedovanje, so do\u017eivljali zgodbo o de\u010dku, ki ni maral juh. Poistovetili so se z njim, v\u017eiveli v zgodbo in z zanimanjem poslu\u0161ali ter sodelovali. Animirali smo velike kuhinjske pripomo\u010dke &#8211; govore\u010da \u017elica, prazna skodelica, ogromen me\u0161alnik in se izra\u017eali. Tako nas je zgodba \u00bbpopeljala\u00ab v svet juh. Vro\u010da, hladna, ravno prav\u0161nja smo ponavljali, izklicevali, si zamislili gib in gibali. Odlo\u010dili smo se, da si pripravimo hladno juho iz malin. Privezali smo predpasnike, zavihali rokave in sledili receptu.<\/p>\n<p>Nekaj izjav:<\/p>\n<p style=\"text-align: center;\"><em>\u00bbMeni je ta juha prekisla.\u00ab &#8211; Zarja (4-5)<\/em><\/p>\n<p style=\"text-align: center;\"><em>\u00bbJa, je kisla a dobra.\u00ab &#8211; Luka (4-5)<\/em><\/p>\n<p>[\/vc_column_text][\/vc_column][vc_column width=&#8221;1\/2&#8243;][vc_gallery type=&#8221;nivo&#8221; interval=&#8221;5&#8243; images=&#8221;1389,1390,1391&#8243; img_size=&#8221;full&#8221; onclick=&#8221;&#8221;][\/vc_column][\/vc_row][vc_row][vc_column][vc_column_text]Razvijali smo spretnosti kuhanja &#8211; branje recepta, dodajanje, dolivanje, me\u0161anje, oku\u0161anje in sposobnosti sodelovanja v interakciji z vrstniki, ter raziskovali podro\u010dje \u017eu\u017eelk.<\/p>\n<p style=\"text-align: right;\">Koordinator: Apolonija Kri\u017enik, Laura Ba\u0161i\u010d<\/p>\n<p>[\/vc_column_text][\/vc_column][\/vc_row]<\/p>\n","protected":false},"excerpt":{"rendered":"<p>Tokrat smo dopoldan kulinari\u010dno  obarvali, raziskovali smo podro\u010dje juh. Za izhodi\u0161\u010de sva izbrali zgodbo Stara muha, dobra juha; P. Suhodol\u010dan. Podrobno smo spoznali tudi \u017eu\u017eelko muho in izdelali plakat. <\/p>\n","protected":false},"author":1,"featured_media":1384,"comment_status":"closed","ping_status":"closed","sticky":false,"template":"","format":"standard","meta":{"footnotes":""},"categories":[32,1,23],"tags":[],"class_list":["post-1382","post","type-post","status-publish","format-standard","has-post-thumbnail","hentry","category-naravoslovno-dramski-krozek","category-obogatitvena-dejavnost","category-utrinki-vrtec-tabor","odd"],"_links":{"self":[{"href":"https:\/\/www.os-vransko.si\/vrtec-tabor\/wp-json\/wp\/v2\/posts\/1382","targetHints":{"allow":["GET"]}}],"collection":[{"href":"https:\/\/www.os-vransko.si\/vrtec-tabor\/wp-json\/wp\/v2\/posts"}],"about":[{"href":"https:\/\/www.os-vransko.si\/vrtec-tabor\/wp-json\/wp\/v2\/types\/post"}],"author":[{"embeddable":true,"href":"https:\/\/www.os-vransko.si\/vrtec-tabor\/wp-json\/wp\/v2\/users\/1"}],"replies":[{"embeddable":true,"href":"https:\/\/www.os-vransko.si\/vrtec-tabor\/wp-json\/wp\/v2\/comments?post=1382"}],"version-history":[{"count":5,"href":"https:\/\/www.os-vransko.si\/vrtec-tabor\/wp-json\/wp\/v2\/posts\/1382\/revisions"}],"predecessor-version":[{"id":1392,"href":"https:\/\/www.os-vransko.si\/vrtec-tabor\/wp-json\/wp\/v2\/posts\/1382\/revisions\/1392"}],"wp:featuredmedia":[{"embeddable":true,"href":"https:\/\/www.os-vransko.si\/vrtec-tabor\/wp-json\/wp\/v2\/media\/1384"}],"wp:attachment":[{"href":"https:\/\/www.os-vransko.si\/vrtec-tabor\/wp-json\/wp\/v2\/media?parent=1382"}],"wp:term":[{"taxonomy":"category","embeddable":true,"href":"https:\/\/www.os-vransko.si\/vrtec-tabor\/wp-json\/wp\/v2\/categories?post=1382"},{"taxonomy":"post_tag","embeddable":true,"href":"https:\/\/www.os-vransko.si\/vrtec-tabor\/wp-json\/wp\/v2\/tags?post=1382"}],"curies":[{"name":"wp","href":"https:\/\/api.w.org\/{rel}","templated":true}]}}