{"id":1449,"date":"2023-06-28T06:19:22","date_gmt":"2023-06-28T05:19:22","guid":{"rendered":"https:\/\/www.os-vransko.si\/vrtec-tabor\/?p=1449"},"modified":"2023-07-31T06:28:40","modified_gmt":"2023-07-31T05:28:40","slug":"sodelujemo-in-se-povezujemo","status":"publish","type":"post","link":"https:\/\/www.os-vransko.si\/vrtec-tabor\/sodelujemo-in-se-povezujemo\/","title":{"rendered":"SODELUJEMO IN SE POVEZUJEMO"},"content":{"rendered":"<p>[vc_row][vc_column width=&#8221;1\/2&#8243;][vc_column_text]Po de\u017eevnem obdobju smo kon\u010dno do\u010dakali sonce. Zato smo prvi junijski son\u010dni petek izkoristili za odhod na dalj\u0161i sprehod, za nas najmlaj\u0161e v vrtcu, kar Cici pohod.<\/p>\n<p>Ker vedno radi sodelujemo in se povezujemo s krajem, smo se tokrat dogovorili za obisk Farme Fi\u0161ar. Rahlo strma in ovinkasta pot, je za na\u0161e male korake bila precej\u0161en izziv. S trudom in vztrajnostjo pa smo pot, tja in nazaj, tudi uspe\u0161no premagali. Nagrada je bila nadvse zanimiva. Prijazni lastnik kmetije Fi\u0161ar,&nbsp; Nejc Lednik, nas je povabil, da smo si lahko ogledali prostor, kjer skrbijo za mlade pi\u0161\u010dan\u010dke.[\/vc_column_text][\/vc_column][vc_column width=&#8221;1\/2&#8243;][vc_single_image image=&#8221;1451&#8243; img_size=&#8221;full&#8221;][\/vc_column][\/vc_row][vc_row][vc_column][vc_column_text]Bili smo navdu\u0161eni nad rumeno mno\u017eico premikajo\u010dih se puhastih kepic. Ker je eno izmed podro\u010dij v kurikulu tudi dru\u017eba, smo s tem obiskom vsekakor spoznali, da smo vsi mi del dru\u017ebenega okolja v katerem rastemo, \u017eivimo, se razvijamo in delujemo. Da bi otroci lahko sodelovali&nbsp; z okoljem, vplivali nanj in ga pozneje tudi aktivno spreminjali, morajo postopoma tudi spoznati bli\u017enje dru\u017ebeno okolje (vsakodnevno \u017eivljenje ljudi, delovno okolje in poklice\u2026). Da pa bomo to dosegli, morajo otroci najprej poznati in spoznavati svoj doma\u010di kraj in \u017eivljenje v njem. Trdimo lahko, da z malimi koraki vedno pridemo do velikih ciljev in tudi tokrat je bilo tako. Hvala Farmi Fi\u0161ar, da smo sodelovali in s tem pridobili \u0161e eno izku\u0161njo.<\/p>\n<p style=\"text-align: right;\">Lep pozdrav, otroci oddelka 1-2 leti ter vzgojiteljici Nina Mak Lopan in Laura Ba\u0161i\u010d.<\/p>\n<p>[\/vc_column_text][\/vc_column][\/vc_row]<\/p>\n","protected":false},"excerpt":{"rendered":"<p>Po de\u017eevnem obdobju smo kon\u010dno do\u010dakali sonce. Zato smo prvi junijski son\u010dni petek izkoristili za odhod na dalj\u0161i sprehod, za nas najmlaj\u0161e v vrtcu, kar Cici pohod. <\/p>\n","protected":false},"author":1,"featured_media":1450,"comment_status":"closed","ping_status":"closed","sticky":false,"template":"","format":"standard","meta":{"footnotes":""},"categories":[23],"tags":[],"class_list":["post-1449","post","type-post","status-publish","format-standard","has-post-thumbnail","hentry","category-utrinki-vrtec-tabor","odd"],"_links":{"self":[{"href":"https:\/\/www.os-vransko.si\/vrtec-tabor\/wp-json\/wp\/v2\/posts\/1449","targetHints":{"allow":["GET"]}}],"collection":[{"href":"https:\/\/www.os-vransko.si\/vrtec-tabor\/wp-json\/wp\/v2\/posts"}],"about":[{"href":"https:\/\/www.os-vransko.si\/vrtec-tabor\/wp-json\/wp\/v2\/types\/post"}],"author":[{"embeddable":true,"href":"https:\/\/www.os-vransko.si\/vrtec-tabor\/wp-json\/wp\/v2\/users\/1"}],"replies":[{"embeddable":true,"href":"https:\/\/www.os-vransko.si\/vrtec-tabor\/wp-json\/wp\/v2\/comments?post=1449"}],"version-history":[{"count":4,"href":"https:\/\/www.os-vransko.si\/vrtec-tabor\/wp-json\/wp\/v2\/posts\/1449\/revisions"}],"predecessor-version":[{"id":1455,"href":"https:\/\/www.os-vransko.si\/vrtec-tabor\/wp-json\/wp\/v2\/posts\/1449\/revisions\/1455"}],"wp:featuredmedia":[{"embeddable":true,"href":"https:\/\/www.os-vransko.si\/vrtec-tabor\/wp-json\/wp\/v2\/media\/1450"}],"wp:attachment":[{"href":"https:\/\/www.os-vransko.si\/vrtec-tabor\/wp-json\/wp\/v2\/media?parent=1449"}],"wp:term":[{"taxonomy":"category","embeddable":true,"href":"https:\/\/www.os-vransko.si\/vrtec-tabor\/wp-json\/wp\/v2\/categories?post=1449"},{"taxonomy":"post_tag","embeddable":true,"href":"https:\/\/www.os-vransko.si\/vrtec-tabor\/wp-json\/wp\/v2\/tags?post=1449"}],"curies":[{"name":"wp","href":"https:\/\/api.w.org\/{rel}","templated":true}]}}