{"id":1465,"date":"2023-10-07T07:31:17","date_gmt":"2023-10-07T06:31:17","guid":{"rendered":"https:\/\/www.os-vransko.si\/vrtec-tabor\/?p=1465"},"modified":"2023-10-07T19:57:26","modified_gmt":"2023-10-07T18:57:26","slug":"1-obogatitveni-dan-v-vrtcu-tabor-mednarodni-teden-gluhih","status":"publish","type":"post","link":"https:\/\/www.os-vransko.si\/vrtec-tabor\/1-obogatitveni-dan-v-vrtcu-tabor-mednarodni-teden-gluhih\/","title":{"rendered":"1. Obogatitveni dan v vrtcu Tabor \u2013 mednarodni teden gluhih"},"content":{"rendered":"<p>[vc_row][vc_column][vc_column_text]Gluhi imajo svoj jezik, kulturo in svoje socialno sredstvo. \u00bb<em>Zmorem kot drugi, \u017ee imam veliko a \u0161e potrbujem podporo.\u00ab &#8211; &nbsp;<\/em>Medob\u010dinsko dru\u0161tvo gluhih in naglu\u0161nih Velenje.<\/p>\n<p>Da bi lahko otroci sodelovali in vplivali na dru\u017ebeno okolje, ter &nbsp;ga pozneje aktivno spreminjali morajo postopoma spoznavati vsakdanje \u017eivljenje, o\u017eje in &nbsp;\u0161ir\u0161e dru\u017ebeno okolje, medkulturne in druge razlike &nbsp;skupnosti in tradicije, kar pa je &nbsp;osnova za vzgajanje medsebojne strpnosti in spo\u0161tovanja druga\u010dnosti.<\/p>\n<p>Imeli smo obogatitveni dan, na temo gluhi in prehajali med oddelki. Dopoldan smo popestrili z dejavnostmi, ki spodbujajo \u010dutila.[\/vc_column_text][\/vc_column][\/vc_row][vc_row][vc_column width=&#8221;1\/2&#8243;][vc_column_text]&nbsp;Raziskovanje se je pri\u010delo v senzorni avli, kjer so otroci preko razli\u010dnih iger, pripomo\u010dkov razvijali mi\u0161ljenje, sklepanje, predstavo o zaporedju dogodkov, se zabavali in so imeli mo\u017enost ter spodbudo, da se spra\u0161ujejo. Po ogledu neme igre <em>Jabolko; A. \u0160tefan<\/em> so po igralnicah raziskovali zvok &#8211; kaj proizvaja zvok, zvene\u010da posoda, brenkala-brenkice, razli\u010dno napolnjeni kozarci, vibracije z ravnili, tiha glasbila. <em>\u00bb\u010cutim tresljaje.\u00ab, \u00bbVibracije.\u00ab &#8211; so govorili (5-6 let).<\/em> Razvijali so mi\u0161i\u010dne skupine, ki so odgovorne za proces dihanja in v predelu ust, ter nasitijo mo\u017egane s kisikom &#8211; pihanje s slamico v \u017eogice in v vodo (milni mehur\u010dki). <em>\u00bbJaz bi tudi to! &#8211; Zala (4-5let). <\/em>Igralnico smo spremenili v \u00bbtiho sobo\u00ab &#8211; zatemnili, pri\u017egali di\u0161e\u010de pal\u010dke in lu\u010dke. Tu se je odvijala spontana igra, vzporedno pa telovadba v ti\u0161ini, kar je bilo otrokom v izziv <em>\u00bbNu\u0161a, pri\u017egi lu\u010d.\u00ab &#8211; An\u017ee (4-5 let)<\/em>, a so bogatej\u0161i za izku\u0161njo onemogo\u010denega \u010dutila.[\/vc_column_text][\/vc_column][vc_column width=&#8221;1\/2&#8243;][vc_separator color=&#8221;white&#8221;][vc_gallery type=&#8221;nivo&#8221; interval=&#8221;5&#8243; images=&#8221;1471,1472,1473,1474,1475,1476,1477,1478,1479,1480,1481,1482,1483&#8243; img_size=&#8221;full&#8221; onclick=&#8221;&#8221;][\/vc_column][\/vc_row][vc_row][vc_column][vc_column_text]Preizkusili smo se o pantomimi in branju z ustnic, vsa navodila v koti\u010dku so bila podana nemo. Poslu\u0161ali smo zvoke telesa &#8211; tapkanje, udarjanje delov telesa in ritem. Izgovarjali svoja imena ob zatisnjenimi u\u0161esi. Tipali in gnetili smo, oblikovali iz slanega testa. Postavljali smo se v razli\u010dne telesna polo\u017eaje in vadili jogo. Tako umirili um in razgibali telo.<\/p>\n<p>Bilo je pestro, zabavno in senzorno.<\/p>\n<p style=\"text-align: right;\">Koordinator: Anu\u0161ka Kri\u017enik, Laura Ba\u0161i\u010d<\/p>\n<p>[\/vc_column_text][\/vc_column][\/vc_row]<\/p>\n","protected":false},"excerpt":{"rendered":"<p>Gluhi imajo svoj jezik, kulturo in svoje socialno sredstvo. \u00bbZmorem kot drugi, \u017ee imam veliko a \u0161e potrebujem podporo.\u00ab &#8211;  Medob\u010dinsko dru\u0161tvo gluhih in naglu\u0161nih Velenje. <\/p>\n","protected":false},"author":1,"featured_media":1466,"comment_status":"closed","ping_status":"closed","sticky":false,"template":"","format":"standard","meta":{"footnotes":""},"categories":[1,27,23],"tags":[],"class_list":["post-1465","post","type-post","status-publish","format-standard","has-post-thumbnail","hentry","category-obogatitvena-dejavnost","category-obogatitveni-dan","category-utrinki-vrtec-tabor","odd"],"_links":{"self":[{"href":"https:\/\/www.os-vransko.si\/vrtec-tabor\/wp-json\/wp\/v2\/posts\/1465","targetHints":{"allow":["GET"]}}],"collection":[{"href":"https:\/\/www.os-vransko.si\/vrtec-tabor\/wp-json\/wp\/v2\/posts"}],"about":[{"href":"https:\/\/www.os-vransko.si\/vrtec-tabor\/wp-json\/wp\/v2\/types\/post"}],"author":[{"embeddable":true,"href":"https:\/\/www.os-vransko.si\/vrtec-tabor\/wp-json\/wp\/v2\/users\/1"}],"replies":[{"embeddable":true,"href":"https:\/\/www.os-vransko.si\/vrtec-tabor\/wp-json\/wp\/v2\/comments?post=1465"}],"version-history":[{"count":7,"href":"https:\/\/www.os-vransko.si\/vrtec-tabor\/wp-json\/wp\/v2\/posts\/1465\/revisions"}],"predecessor-version":[{"id":1468,"href":"https:\/\/www.os-vransko.si\/vrtec-tabor\/wp-json\/wp\/v2\/posts\/1465\/revisions\/1468"}],"wp:featuredmedia":[{"embeddable":true,"href":"https:\/\/www.os-vransko.si\/vrtec-tabor\/wp-json\/wp\/v2\/media\/1466"}],"wp:attachment":[{"href":"https:\/\/www.os-vransko.si\/vrtec-tabor\/wp-json\/wp\/v2\/media?parent=1465"}],"wp:term":[{"taxonomy":"category","embeddable":true,"href":"https:\/\/www.os-vransko.si\/vrtec-tabor\/wp-json\/wp\/v2\/categories?post=1465"},{"taxonomy":"post_tag","embeddable":true,"href":"https:\/\/www.os-vransko.si\/vrtec-tabor\/wp-json\/wp\/v2\/tags?post=1465"}],"curies":[{"name":"wp","href":"https:\/\/api.w.org\/{rel}","templated":true}]}}