{"id":1525,"date":"2023-10-31T13:06:35","date_gmt":"2023-10-31T12:06:35","guid":{"rendered":"https:\/\/www.os-vransko.si\/vrtec-tabor\/?p=1525"},"modified":"2023-10-31T13:15:19","modified_gmt":"2023-10-31T12:15:19","slug":"jesensko-srecanje-v-vrtcu-tabor","status":"publish","type":"post","link":"https:\/\/www.os-vransko.si\/vrtec-tabor\/jesensko-srecanje-v-vrtcu-tabor\/","title":{"rendered":"JESENSKO SRE\u010cANJE V VRTCU TABOR"},"content":{"rendered":"<p>[vc_row][vc_column][vc_column_text]Jesen se je \u017ee odela s pisanimi barvami. Jutra postajajo vse bolj meglena, dnevi so prijetno topli, a vse mo\u010dnej\u0161i veter nakazuje spremembo vremena. In res se je na dan sre\u010danja s star\u0161i mo\u010dno ohladilo. Kot nala\u0161\u010d, da se pogrejemo s pe\u010denim kostanjem in pala\u010dinkami\u2026[\/vc_column_text][\/vc_column][\/vc_row][vc_row][vc_column width=&#8221;2\/3&#8243;][vc_column_text]Tokratno sre\u010danje smo imeli v sodelovanju z lokalnimi dru\u0161tvi in kmetijo Lukman, ki so nam predstavili svoje delovanje, in ob\u010dino Tabor, ki nam je omogo\u010dila sre\u010danje na Jurijevem trgu. Star\u0161i in otroci so se spoznali z delovanjem nujnih slu\u017eb &#8211;&nbsp; gasilcev, prvih posredovalcev in bolni\u010darjev. Med drugim so lahko gasili \u010disto pravi po\u017ear, se preizkusili v o\u017eivljanju in uporabi AED-ja. \u010cebelarji so jim pokazali opremo in pripomo\u010dke, poizkusili pa so lahko tudi razli\u010dne vrste medu. Na ekolo\u0161ki kmetiji Lukman so lu\u0161\u010dili fi\u017eol, si ogledali njihove doma\u010de \u017eivali, predstavili pa so jim tudi svojo trgovinico \u2013 postrezi si. Turisti\u010dno dru\u0161tvo je pripravilo delavnico z izdelovanjem kron grajske gospode, dru\u0161tvo \u017eena in deklet pa je peklo pala\u010dinke, ki so jih otroci dobili za en kupon. Na\u0161i star\u0161i so pekli kostanj, za katerega so upokojenke pomagale narediti lon\u010dke iz papirja. V okviru \u0161portnega dru\u0161tva so bili pripravljeni gibalni izzivi na pe\u0161poti med cerkvijo in kapelo. Da pa ni bil nih\u010de \u017eejen, smo v oddelku 4-5 naredili melisin sok, ki so ga vsi obiskovalci lahko pili ob pitniku na Jurijevem trgu. Otroci so na vsaki izbrani postaji prejeli \u0161tampiljko. Ko so imeli poln karton\u010dek, je to bila skupaj z narejenim lon\u010dkom vstopnica za pe\u010den kostanj. Sre\u010danje smo strnili s skupnim pevskim nastopom oddelka 5-6 in odraslega pevskega zbora ob\u010dine Tabor.[\/vc_column_text][vc_column_text]Ob tem se strokovne delavke in otroci Vrtca Tabor zahvaljujemo kmetiji Lukman, ob\u010dini Tabor in lokalnim dru\u0161tvom za pomo\u010d in podporo. Brez vas nam ne bi uspelo, kot nam je. Zavedati se je namre\u010d potrebno, da smo ljudje del dru\u017ebenega okolja, v katerem rastemo, \u017eivimo in delujemo. Da pa bi na\u0161i otroci lahko sodelovali z okoljem, vplivali nanj in ga pozneje aktivno spreminjali, morajo postopoma spoznati bli\u017enje dru\u017ebeno okolje in hkrati dobivati vpogled v \u0161ir\u0161o dru\u017ebo (Kurikulum, 1999). S skupnim sodelovanjem in povezovanjem nam je to tudi uspelo.<\/p>\n<p>Koordinatorki jesenskega sre\u010danja Renata Ko\u0161ica in Ida Cestnik[\/vc_column_text][\/vc_column][vc_column width=&#8221;1\/3&#8243;][vc_gallery type=&#8221;image_grid&#8221; images=&#8221;1530,1531,1532&#8243; img_size=&#8221;full&#8221; onclick=&#8221;&#8221;][\/vc_column][\/vc_row][vc_row][vc_column width=&#8221;1\/4&#8243;][vc_single_image image=&#8221;1536&#8243; img_size=&#8221;full&#8221;][\/vc_column][vc_column width=&#8221;1\/4&#8243;][vc_single_image image=&#8221;1535&#8243; img_size=&#8221;full&#8221;][\/vc_column][vc_column width=&#8221;1\/4&#8243;][vc_single_image image=&#8221;1534&#8243; img_size=&#8221;full&#8221;][\/vc_column][vc_column width=&#8221;1\/4&#8243;][vc_single_image image=&#8221;1533&#8243; img_size=&#8221;full&#8221;][\/vc_column][\/vc_row]<\/p>\n","protected":false},"excerpt":{"rendered":"<p>Jesen se je \u017ee odela s pisanimi barvami. Jutra postajajo vse bolj meglena, dnevi so prijetno topli, a vse mo\u010dnej\u0161i veter nakazuje spremembo vremena. In res se je na dan sre\u010danja s star\u0161i mo\u010dno ohladilo. Kot nala\u0161\u010d, da se pogrejemo s pe\u010denim kostanjem in pala\u010dinkami\u2026<\/p>\n","protected":false},"author":1,"featured_media":1526,"comment_status":"open","ping_status":"open","sticky":false,"template":"","format":"standard","meta":{"footnotes":""},"categories":[23],"tags":[],"class_list":["post-1525","post","type-post","status-publish","format-standard","has-post-thumbnail","hentry","category-utrinki-vrtec-tabor","odd"],"_links":{"self":[{"href":"https:\/\/www.os-vransko.si\/vrtec-tabor\/wp-json\/wp\/v2\/posts\/1525","targetHints":{"allow":["GET"]}}],"collection":[{"href":"https:\/\/www.os-vransko.si\/vrtec-tabor\/wp-json\/wp\/v2\/posts"}],"about":[{"href":"https:\/\/www.os-vransko.si\/vrtec-tabor\/wp-json\/wp\/v2\/types\/post"}],"author":[{"embeddable":true,"href":"https:\/\/www.os-vransko.si\/vrtec-tabor\/wp-json\/wp\/v2\/users\/1"}],"replies":[{"embeddable":true,"href":"https:\/\/www.os-vransko.si\/vrtec-tabor\/wp-json\/wp\/v2\/comments?post=1525"}],"version-history":[{"count":7,"href":"https:\/\/www.os-vransko.si\/vrtec-tabor\/wp-json\/wp\/v2\/posts\/1525\/revisions"}],"predecessor-version":[{"id":1528,"href":"https:\/\/www.os-vransko.si\/vrtec-tabor\/wp-json\/wp\/v2\/posts\/1525\/revisions\/1528"}],"wp:featuredmedia":[{"embeddable":true,"href":"https:\/\/www.os-vransko.si\/vrtec-tabor\/wp-json\/wp\/v2\/media\/1526"}],"wp:attachment":[{"href":"https:\/\/www.os-vransko.si\/vrtec-tabor\/wp-json\/wp\/v2\/media?parent=1525"}],"wp:term":[{"taxonomy":"category","embeddable":true,"href":"https:\/\/www.os-vransko.si\/vrtec-tabor\/wp-json\/wp\/v2\/categories?post=1525"},{"taxonomy":"post_tag","embeddable":true,"href":"https:\/\/www.os-vransko.si\/vrtec-tabor\/wp-json\/wp\/v2\/tags?post=1525"}],"curies":[{"name":"wp","href":"https:\/\/api.w.org\/{rel}","templated":true}]}}