{"id":1542,"date":"2023-11-06T23:09:45","date_gmt":"2023-11-06T22:09:45","guid":{"rendered":"https:\/\/www.os-vransko.si\/vrtec-tabor\/?p=1542"},"modified":"2023-11-06T23:11:27","modified_gmt":"2023-11-06T22:11:27","slug":"2-obogatitveni-dan-v-vrtcu-tabor","status":"publish","type":"post","link":"https:\/\/www.os-vransko.si\/vrtec-tabor\/2-obogatitveni-dan-v-vrtcu-tabor\/","title":{"rendered":"2. OBOGATITVENI DAN V VRTCU TABOR"},"content":{"rendered":"<p>[vc_row][vc_column][vc_column_text]V lu\u010di seznanjanja otrok z druga\u010danostjo, kar je tudi na\u0161 prednostni cilj, ter sprejemanje le te, organiziramo obogatitvene dni s temami in dejavnostmi, ki strpnost in sprejemanje druga\u010dnosti nagovarjajo. Sprejemanje druga\u010dnosti je ena klju\u010dnih moralnih kompetenc otroka in \u010dloveka v 21. stoletju, kar je opredeljeno v nacionalnem vr\u010devskem kurikulumu, Ustavi RS, Konvenciji o \u010dlovekovih pravicah in Konvenciji o otrokovih pravicah.[\/vc_column_text][\/vc_column][\/vc_row][vc_row][vc_column width=&#8221;1\/2&#8243;][vc_column_text]2. obogatitveni dan smo posvetili mednarodnemu dnevu bele palice. Otroci so v uvodu, preko izobra\u017eevalnega risanega filma, spoznali slepe ljudi, slepoto, uporabo bele palice, psa vodnika \u2026 Seznanili so se z na\u010dinom pomo\u010di slepim ljudem. Kasneje so med prehajanjem med razli\u010dnimi dejavnostmi, spoznali \u0161e pisalni stroj za brajlico, tipali so predmete v tipnih \u0161katlah, se seznanili s knjigo \u017diga \u0160paget, preko nje poustvarjali iz gline z zavezanimi o\u010dmi, bosi so hodili po \u010dutni poti, se igrali \u010dutni spomin, z zavezanimi o\u010dmi vonjali in oku\u0161ali razli\u010dne snovi, gledali s pove\u010devalom, v tipnih knjigah ugibali kaj tipajo, z belo palico so se sprehodili \u010dez fit ovire z zavezanimi o\u010dmi in \u0161e veliko drugega.[\/vc_column_text][\/vc_column][vc_column width=&#8221;1\/2&#8243;][vc_separator color=&#8221;white&#8221;][vc_gallery type=&#8221;nivo&#8221; interval=&#8221;5&#8243; images=&#8221;1544,1545,1546,1547,1548,1549,1550,1551,1552,1553&#8243; img_size=&#8221;full&#8221; onclick=&#8221;&#8221;][\/vc_column][\/vc_row][vc_row][vc_column][vc_column_text]Na obogatitvenem dnevu smo gostili tudi otroke iz PO\u0160 Tabor.<\/p>\n<p style=\"text-align: right;\">Koordinatorici: Laura Ba\u0161i\u010d in Anu\u0161ka Kri\u017enik<\/p>\n<p>[\/vc_column_text][\/vc_column][\/vc_row]<\/p>\n","protected":false},"excerpt":{"rendered":"<p>V lu\u010di seznanjanja otrok z druga\u010dnostjo, kar je tudi na\u0161 prednostni cilj, ter sprejemanje le te, organiziramo obogatitvene dni s temami in dejavnostmi, ki strpnost in sprejemanje druga\u010dnosti nagovarjajo. <\/p>\n","protected":false},"author":1,"featured_media":1543,"comment_status":"closed","ping_status":"closed","sticky":false,"template":"","format":"standard","meta":{"footnotes":""},"categories":[1,27,23],"tags":[],"class_list":["post-1542","post","type-post","status-publish","format-standard","has-post-thumbnail","hentry","category-obogatitvena-dejavnost","category-obogatitveni-dan","category-utrinki-vrtec-tabor","odd"],"_links":{"self":[{"href":"https:\/\/www.os-vransko.si\/vrtec-tabor\/wp-json\/wp\/v2\/posts\/1542","targetHints":{"allow":["GET"]}}],"collection":[{"href":"https:\/\/www.os-vransko.si\/vrtec-tabor\/wp-json\/wp\/v2\/posts"}],"about":[{"href":"https:\/\/www.os-vransko.si\/vrtec-tabor\/wp-json\/wp\/v2\/types\/post"}],"author":[{"embeddable":true,"href":"https:\/\/www.os-vransko.si\/vrtec-tabor\/wp-json\/wp\/v2\/users\/1"}],"replies":[{"embeddable":true,"href":"https:\/\/www.os-vransko.si\/vrtec-tabor\/wp-json\/wp\/v2\/comments?post=1542"}],"version-history":[{"count":4,"href":"https:\/\/www.os-vransko.si\/vrtec-tabor\/wp-json\/wp\/v2\/posts\/1542\/revisions"}],"predecessor-version":[{"id":1555,"href":"https:\/\/www.os-vransko.si\/vrtec-tabor\/wp-json\/wp\/v2\/posts\/1542\/revisions\/1555"}],"wp:featuredmedia":[{"embeddable":true,"href":"https:\/\/www.os-vransko.si\/vrtec-tabor\/wp-json\/wp\/v2\/media\/1543"}],"wp:attachment":[{"href":"https:\/\/www.os-vransko.si\/vrtec-tabor\/wp-json\/wp\/v2\/media?parent=1542"}],"wp:term":[{"taxonomy":"category","embeddable":true,"href":"https:\/\/www.os-vransko.si\/vrtec-tabor\/wp-json\/wp\/v2\/categories?post=1542"},{"taxonomy":"post_tag","embeddable":true,"href":"https:\/\/www.os-vransko.si\/vrtec-tabor\/wp-json\/wp\/v2\/tags?post=1542"}],"curies":[{"name":"wp","href":"https:\/\/api.w.org\/{rel}","templated":true}]}}