{"id":1558,"date":"2023-11-06T23:33:53","date_gmt":"2023-11-06T22:33:53","guid":{"rendered":"https:\/\/www.os-vransko.si\/vrtec-tabor\/?p=1558"},"modified":"2023-11-06T23:37:50","modified_gmt":"2023-11-06T22:37:50","slug":"ob-mesecu-pozarne-varnosti-2","status":"publish","type":"post","link":"https:\/\/www.os-vransko.si\/vrtec-tabor\/ob-mesecu-pozarne-varnosti-2\/","title":{"rendered":"OB MESECU PO\u017dARNE VARNOSTI"},"content":{"rendered":"<p>[vc_row][vc_column][vc_column_text]V mesecu po\u017earne varnosti so otroci dodobra spoznali delovanje gasilcev v dana\u0161njem \u010dasu, se seznanili z gasilsko opremo in pripomo\u010dki, si ogledali gasilsko vozilo in obla\u010dila, gasili ogenj, se preizkusili na gasilskem poligonu, imeli vajo evakuacije, spoznali hidrant in gasilni aparat\u2026[\/vc_column_text][\/vc_column][\/vc_row][vc_row][vc_column width=&#8221;1\/2&#8243;][vc_column_text]Ob obisku gasilskega muzeja v Prekopi pa so oddelki 4-6 spoznali delovanje gasilcev neko\u010d. Ga. Tanja Goropev\u0161ek nas je na zanimiv na\u010din popeljala skozi zgodovino gasilstva, ki je otroke zelo pritegnila. Najbolj so si zapomnili na\u010din zvonjenja ob po\u017earu in petelina v strehi. Pred dnevi smo v vrtcu imeli mo\u017enost spoznati gasilsko maskoto Florija, v muzeju pa smo videli zavetnika gasilcev, sv. Florjana, po katerem ima maskota ime.<\/p>\n<p>Z vsemi pridobljenimi izku\u0161njami, spoznanji in dognanji smo delovali zlasti po (Kurikulum, 1999) na\u010delu demokrati\u010dnosti in pluralizma, odprtosti kurikuluma, horizontalne povezanosti, sodelovanja z okoljem in aktivnega u\u010denja.[\/vc_column_text][\/vc_column][vc_column width=&#8221;1\/2&#8243;][vc_gallery type=&#8221;nivo&#8221; interval=&#8221;5&#8243; images=&#8221;1562,1563,1564,1565,1566,1567,1568,1569,1570,1571&#8243; img_size=&#8221;full&#8221; onclick=&#8221;&#8221;][\/vc_column][\/vc_row][vc_row][vc_column][vc_column_text]Obisk muzeja je imel \u0161e toliko ve\u010djo vrednost, saj smo v Prekopo in nazaj \u0161li pe\u0161. Ja, saj so tudi gasilci neko\u010d ve\u010dinoma pe\u0161a\u010dili\u2026<\/p>\n<p style=\"text-align: right;\">Renata Ko\u0161ica, dipl. vzg.<\/p>\n<p>[\/vc_column_text][\/vc_column][\/vc_row]<\/p>\n","protected":false},"excerpt":{"rendered":"<p>V mesecu po\u017earne varnosti so otroci dodobra spoznali delovanje gasilcev v dana\u0161njem \u010dasu, se seznanili z gasilsko opremo in pripomo\u010dki, si ogledali gasilsko vozilo in obla\u010dila, gasili ogenj, se preizkusili na gasilskem poligonu, imeli vajo evakuacije, spoznali hidrant in gasilni aparat\u2026<\/p>\n","protected":false},"author":1,"featured_media":1560,"comment_status":"closed","ping_status":"closed","sticky":false,"template":"","format":"standard","meta":{"footnotes":""},"categories":[23],"tags":[],"class_list":["post-1558","post","type-post","status-publish","format-standard","has-post-thumbnail","hentry","category-utrinki-vrtec-tabor","odd"],"_links":{"self":[{"href":"https:\/\/www.os-vransko.si\/vrtec-tabor\/wp-json\/wp\/v2\/posts\/1558","targetHints":{"allow":["GET"]}}],"collection":[{"href":"https:\/\/www.os-vransko.si\/vrtec-tabor\/wp-json\/wp\/v2\/posts"}],"about":[{"href":"https:\/\/www.os-vransko.si\/vrtec-tabor\/wp-json\/wp\/v2\/types\/post"}],"author":[{"embeddable":true,"href":"https:\/\/www.os-vransko.si\/vrtec-tabor\/wp-json\/wp\/v2\/users\/1"}],"replies":[{"embeddable":true,"href":"https:\/\/www.os-vransko.si\/vrtec-tabor\/wp-json\/wp\/v2\/comments?post=1558"}],"version-history":[{"count":4,"href":"https:\/\/www.os-vransko.si\/vrtec-tabor\/wp-json\/wp\/v2\/posts\/1558\/revisions"}],"predecessor-version":[{"id":1561,"href":"https:\/\/www.os-vransko.si\/vrtec-tabor\/wp-json\/wp\/v2\/posts\/1558\/revisions\/1561"}],"wp:featuredmedia":[{"embeddable":true,"href":"https:\/\/www.os-vransko.si\/vrtec-tabor\/wp-json\/wp\/v2\/media\/1560"}],"wp:attachment":[{"href":"https:\/\/www.os-vransko.si\/vrtec-tabor\/wp-json\/wp\/v2\/media?parent=1558"}],"wp:term":[{"taxonomy":"category","embeddable":true,"href":"https:\/\/www.os-vransko.si\/vrtec-tabor\/wp-json\/wp\/v2\/categories?post=1558"},{"taxonomy":"post_tag","embeddable":true,"href":"https:\/\/www.os-vransko.si\/vrtec-tabor\/wp-json\/wp\/v2\/tags?post=1558"}],"curies":[{"name":"wp","href":"https:\/\/api.w.org\/{rel}","templated":true}]}}