{"id":1576,"date":"2023-11-10T08:04:32","date_gmt":"2023-11-10T07:04:32","guid":{"rendered":"https:\/\/www.os-vransko.si\/vrtec-tabor\/?p=1576"},"modified":"2023-11-10T08:11:14","modified_gmt":"2023-11-10T07:11:14","slug":"plesni-skratki-v-vrtcu-tabor-oktober-november-2023","status":"publish","type":"post","link":"https:\/\/www.os-vransko.si\/vrtec-tabor\/plesni-skratki-v-vrtcu-tabor-oktober-november-2023\/","title":{"rendered":"PLESNI \u0160KRATKI V VRTCU TABOR \u2013 OKTOBER, NOVEMBER 2023"},"content":{"rendered":"<p>[vc_row][vc_column][vc_column_text]\u00bbUmetnost otroku omogo\u010da udejanjanje ustvarjalnih potencialov, ki se ka\u017eejo \u017ee v otrokovem igrivem raziskovanju in spoznavanju sveta, ki je zanj neiz\u010drpen vir inspiracije, motivacije in vsebin na vseh podro\u010djih dejavnosti.\u00ab (Kurikulum za vrtce, str. 37; Maj 2007). Tako bomo preko govorice telesa, skozi ritem in glasbo v tem \u0161olskem letu, ustvarjali in komunicirali z umetnostjo v dveh oddelkih 3-4 let in v oddelku 4-5 let. Do\u017eivljali, spoznavali in u\u017eivali bomo v umetnosti glasbe in plesa, se dotaknili multikulturnosti in razvijali koordinacijo, ritem ter veselje do gibanja.[\/vc_column_text][\/vc_column][\/vc_row][vc_row][vc_column width=&#8221;1\/2&#8243;][vc_separator color=&#8221;white&#8221;][vc_column_text]V mesecu oktobru smo se prvi\u010d sre\u010dali, osmislili plesne dejavnosti po skupinah in pri\u010deli z raziskovanjem ter nadaljevali v novembru. Ob spodbudi in vzgledu smo v formaciji kroga improvizirali in si privo\u0161\u010dili \u00bbveliko pico\u00ab. Z malo domi\u0161ljije smo se spro\u0161\u010dali z ustvarjanjem z rokami, vsak je bil dele\u017een masa\u017ee hrbta. <em>\u00bbMoja mami tudi naredi pico, gnete testo.\u00ab, \u00bbDajmo gor \u0161e veliko sira.\u00ab, \u00bbPosolimo.\u00ab <\/em>so prigovarjali &#8211; oddelek 3-4 let (Katja R., Ur\u0161ka N.).[\/vc_column_text][\/vc_column][vc_column width=&#8221;1\/2&#8243;][vc_gallery interval=&#8221;5&#8243; images=&#8221;1579,1580,1581,1582,1583,1584&#8243; img_size=&#8221;full&#8221; onclick=&#8221;&#8221;][\/vc_column][\/vc_row][vc_row][vc_column][vc_column_text]Nadaljevali smo s plesnimi karticami <em>G. \u0160midt, <\/em>se gibali in plesali s celim telesom, ter kombinirali zaporednost in hitrost gibanja. V oddelku 3-4 let (Lidija, Mojca) smo prebrali pravljico iz knji\u017enega koti\u010dka v igralnici, na pobudo otrok. Delo ruskega skladatelja <em>S. Prokofjeva; Peter in volk. <\/em>Poistovetili smo se z de\u010dkom in \u017eivalmi ob glasbeni podlagi <em>W. A. Mozarta; Rondo Alla Turca. <\/em>Posnemali smo \u017eivali, si izmislili plesne gibe, gibalna zaporedja in s plesom komunicirali, se izra\u017eali. Poslu\u0161ali smo klasi\u010dno glasbo razli\u010dnega tempa &#8211; staccato (kratko, \u017eivahno), adagio (po\u010dasi) in allegro (hitro) ter se likovno izra\u017eali &#8211; risanje na velik format. V oddelku 4-5 let (Renata, Ida) smo se pogovarjali o multikulturnosti. Spoznali smo de\u017eelo Italijo, <em>\u00bbJe v obliki \u0161kornja.\u00ab, \u00bbIma zeleno, belo in rde\u010do barvo.\u00ab, \u00bbVeliko morja.\u00ab <\/em>so bili zvedavi in vedo\u017eeljni otroci. Izdelali smo plakat. Spoznali smo literarni lik <em>Ostr\u017eek,<\/em> delo italijanskega pisatelja<em> C. Collodija. <\/em>Ob spremljavi glasbe <em>M. Speth; Buddy Block<\/em> smo iz \u00bbkosa lesa\u00ab postali lesena lutka, z malo dalj\u0161im nosom, navihanim karakterjem in polni \u017eivljenja. Gibali smo po FAM Mehur\u010dki (premikanje po prostoru v skupinah, tvorimo krog in sestavljamo leseno lutko). Ogledali smo si kratek film, spoznali delo tesarja Pepeta in govorili o tesarskem orodju. Bilo je zanimivo in pestro, \u010dutno ter ustvarjalno.<\/p>\n<p style=\"text-align: right;\">Koordinator Apolonija Kri\u017enik, Laura Ba\u0161i\u010d<\/p>\n<p>[\/vc_column_text][\/vc_column][\/vc_row]<\/p>\n","protected":false},"excerpt":{"rendered":"<p>V mesecu oktobru smo se prvi\u010d sre\u010dali, osmislili plesne dejavnosti po skupinah in pri\u010deli z raziskovanjem ter nadaljevali v novembru. Ob spodbudi in vzgledu smo v formaciji kroga improvizirali in si privo\u0161\u010dili \u00bbveliko pico\u00ab.<\/p>\n","protected":false},"author":1,"featured_media":1575,"comment_status":"closed","ping_status":"closed","sticky":false,"template":"","format":"standard","meta":{"footnotes":""},"categories":[27,31,23],"tags":[],"class_list":["post-1576","post","type-post","status-publish","format-standard","has-post-thumbnail","hentry","category-obogatitveni-dan","category-plesni-skratki-v-vrtcu-tabor","category-utrinki-vrtec-tabor","odd"],"_links":{"self":[{"href":"https:\/\/www.os-vransko.si\/vrtec-tabor\/wp-json\/wp\/v2\/posts\/1576","targetHints":{"allow":["GET"]}}],"collection":[{"href":"https:\/\/www.os-vransko.si\/vrtec-tabor\/wp-json\/wp\/v2\/posts"}],"about":[{"href":"https:\/\/www.os-vransko.si\/vrtec-tabor\/wp-json\/wp\/v2\/types\/post"}],"author":[{"embeddable":true,"href":"https:\/\/www.os-vransko.si\/vrtec-tabor\/wp-json\/wp\/v2\/users\/1"}],"replies":[{"embeddable":true,"href":"https:\/\/www.os-vransko.si\/vrtec-tabor\/wp-json\/wp\/v2\/comments?post=1576"}],"version-history":[{"count":5,"href":"https:\/\/www.os-vransko.si\/vrtec-tabor\/wp-json\/wp\/v2\/posts\/1576\/revisions"}],"predecessor-version":[{"id":1587,"href":"https:\/\/www.os-vransko.si\/vrtec-tabor\/wp-json\/wp\/v2\/posts\/1576\/revisions\/1587"}],"wp:featuredmedia":[{"embeddable":true,"href":"https:\/\/www.os-vransko.si\/vrtec-tabor\/wp-json\/wp\/v2\/media\/1575"}],"wp:attachment":[{"href":"https:\/\/www.os-vransko.si\/vrtec-tabor\/wp-json\/wp\/v2\/media?parent=1576"}],"wp:term":[{"taxonomy":"category","embeddable":true,"href":"https:\/\/www.os-vransko.si\/vrtec-tabor\/wp-json\/wp\/v2\/categories?post=1576"},{"taxonomy":"post_tag","embeddable":true,"href":"https:\/\/www.os-vransko.si\/vrtec-tabor\/wp-json\/wp\/v2\/tags?post=1576"}],"curies":[{"name":"wp","href":"https:\/\/api.w.org\/{rel}","templated":true}]}}