{"id":1799,"date":"2024-04-12T08:47:41","date_gmt":"2024-04-12T07:47:41","guid":{"rendered":"https:\/\/www.os-vransko.si\/vrtec-tabor\/?p=1799"},"modified":"2024-04-12T08:47:41","modified_gmt":"2024-04-12T07:47:41","slug":"srecanja-s-starsi-v-vrtcu-tabor","status":"publish","type":"post","link":"https:\/\/www.os-vransko.si\/vrtec-tabor\/srecanja-s-starsi-v-vrtcu-tabor\/","title":{"rendered":"Sre\u010danja s star\u0161i v Vrtcu Tabor"},"content":{"rendered":"<p>[vc_row][vc_column][vc_column_text]<span lang=\"SL\">V mesecu marcu smo v Vrtcu Tabor organizirali posebna sre\u010danja s star\u0161i, tokrat po skupinah. Cilj sre\u010danj je bil omogo\u010diti star\u0161em aktivno sodelovanje z otroki in spoznavanje njihovega vsakodnevnega okolja ter skupaj do\u017eiveti vrsto ustvarjalnih in zabavnih dejavnosti.<\/span>[\/vc_column_text][\/vc_column][\/vc_row][vc_row][vc_column width=&#8221;1\/2&#8243;][vc_column_text]<span lang=\"SL\">Med sre\u010danji smo izvajali razli\u010dne dejavnosti, ki so bile namenjene tako otrokom kot star\u0161em. Skupine so predstavile dramatizacije zgodbe, kot so &#8220;Zaljubljeni \u017eabec&#8221;, &#8220;Grad Gradi\u010d&#8221; in &#8220;Zrcalce&#8221;, kar je prispevalo k razvoju domi\u0161ljije in kreativnosti otrok ter hkrati ponudilo prilo\u017enost za spro\u0161\u010deno dru\u017eenje med vsemi prisotnimi.<\/span><\/p>\n<p><span lang=\"SL\">Tudi pesmi so bile del programa, plesne to\u010dke, ki smo jih prikazali, pa so prav tako prispevale k ustvarjanju prijetnega vzdu\u0161ja ter spodbujale gibalni razvoj otrok.<\/span>[\/vc_column_text][\/vc_column][vc_column width=&#8221;1\/2&#8243;][vc_gallery interval=&#8221;3&#8243; images=&#8221;1803,1804,1805&#8243; img_size=&#8221;full&#8221; onclick=&#8221;&#8221;][\/vc_column][\/vc_row][vc_row][vc_column][vc_column_text]<span lang=\"SL\">Ustvarjalne delavnice so ponudile prilo\u017enost za skupno ustvarjanje in izra\u017eanje kreativnosti. Otroci so s pomo\u010djo star\u0161ev izdelovali senzori\u010dne steklenice, vazice ter papirnate cvetlice, kar je krepilo vez med otroki in njihovimi star\u0161i ter spodbujalo razvoj finih motori\u010dnih ve\u0161\u010din pri otrocih.<\/span><\/p>\n<p><span lang=\"SL\">Sre\u010danje je bilo tudi v gozdu z nalogami, kot so iskanje vrvice, ustvarjalna igra z vrvico in povezovanje vseh vrvic v krog, kar je prav tako prispevalo k razvoju otrokove domi\u0161ljije ter telesne spretnosti v naravnem okolju, ki je bilo zaklju\u010deno s poligonov v igralnici.<\/span>[\/vc_column_text][\/vc_column][\/vc_row][vc_row][vc_column width=&#8221;1\/2&#8243;][vc_gallery interval=&#8221;3&#8243; images=&#8221;1802&#8243; img_size=&#8221;full&#8221; onclick=&#8221;&#8221;][\/vc_column][vc_column width=&#8221;1\/2&#8243;][vc_separator color=&#8221;white&#8221;][vc_column_text]<span lang=\"SL\">V nekaterih skupinah smo ob koncu sre\u010danja izvedli evalvacijo dejavnosti v obliki foto zgodb, kjer smo skupaj pregledali in komentirali fotografije preteklih dogodkov v vrtcu. To je omogo\u010dilo star\u0161em vpogled v dejavnosti, ki so jih otroci do\u017eiveli, ter spodbudilo refleksijo in nadaljnje sodelovanje med vrtcem in dru\u017einami.<\/span>[\/vc_column_text][\/vc_column][\/vc_row][vc_row][vc_column][vc_column_text]<span lang=\"SL\">Skupaj z zgoraj navedenimi dejavnostmi smo v Vrtcu Tabor ponudili star\u0161em prilo\u017enost za aktivno sodelovanje in poglobitev odnosov med otroki, star\u0161i in vzgojitelji, hkrati pa smo spodbujali razvoj razli\u010dnih vidikov otrokovega razvoja, kot so kreativnost, gibalne spretnosti in socialno-emocionalne ve\u0161\u010dine.<\/span><\/p>\n<p><span lang=\"SL\">Iz kolektiva Vrtca Tabor,<\/span><\/p>\n<p><span lang=\"SL\">Mateja Jezernik in Nina Mak Lopan<\/span>[\/vc_column_text][\/vc_column][\/vc_row]<\/p>\n","protected":false},"excerpt":{"rendered":"<p>[vc_row][vc_column][vc_column_text]V mesecu marcu smo v Vrtcu Tabor organizirali posebna sre\u010danja s star\u0161i, tokrat po skupinah. Cilj sre\u010danj je bil omogo\u010diti star\u0161em aktivno sodelovanje z otroki in spoznavanje njihovega vsakodnevnega okolja ter skupaj do\u017eiveti vrsto ustvarjalnih in zabavnih dejavnosti.[\/vc_column_text][\/vc_column][\/vc_row][vc_row][vc_column width=&#8221;1\/2&#8243;][vc_column_text]Med sre\u010danji smo izvajali razli\u010dne dejavnosti, ki so bile namenjene tako otrokom kot star\u0161em. Skupine so predstavile dramatizacije zgodbe, kot so &#8220;Zaljubljeni&nbsp;<a href=\"https:\/\/www.os-vransko.si\/vrtec-tabor\/srecanja-s-starsi-v-vrtcu-tabor\/\">&hellip;<\/a><\/p>\n","protected":false},"author":4,"featured_media":1814,"comment_status":"open","ping_status":"open","sticky":false,"template":"","format":"aside","meta":{"footnotes":""},"categories":[23],"tags":[],"class_list":["post-1799","post","type-post","status-publish","format-aside","has-post-thumbnail","hentry","category-utrinki-vrtec-tabor","post_format-post-format-aside","odd"],"_links":{"self":[{"href":"https:\/\/www.os-vransko.si\/vrtec-tabor\/wp-json\/wp\/v2\/posts\/1799","targetHints":{"allow":["GET"]}}],"collection":[{"href":"https:\/\/www.os-vransko.si\/vrtec-tabor\/wp-json\/wp\/v2\/posts"}],"about":[{"href":"https:\/\/www.os-vransko.si\/vrtec-tabor\/wp-json\/wp\/v2\/types\/post"}],"author":[{"embeddable":true,"href":"https:\/\/www.os-vransko.si\/vrtec-tabor\/wp-json\/wp\/v2\/users\/4"}],"replies":[{"embeddable":true,"href":"https:\/\/www.os-vransko.si\/vrtec-tabor\/wp-json\/wp\/v2\/comments?post=1799"}],"version-history":[{"count":10,"href":"https:\/\/www.os-vransko.si\/vrtec-tabor\/wp-json\/wp\/v2\/posts\/1799\/revisions"}],"predecessor-version":[{"id":1815,"href":"https:\/\/www.os-vransko.si\/vrtec-tabor\/wp-json\/wp\/v2\/posts\/1799\/revisions\/1815"}],"wp:featuredmedia":[{"embeddable":true,"href":"https:\/\/www.os-vransko.si\/vrtec-tabor\/wp-json\/wp\/v2\/media\/1814"}],"wp:attachment":[{"href":"https:\/\/www.os-vransko.si\/vrtec-tabor\/wp-json\/wp\/v2\/media?parent=1799"}],"wp:term":[{"taxonomy":"category","embeddable":true,"href":"https:\/\/www.os-vransko.si\/vrtec-tabor\/wp-json\/wp\/v2\/categories?post=1799"},{"taxonomy":"post_tag","embeddable":true,"href":"https:\/\/www.os-vransko.si\/vrtec-tabor\/wp-json\/wp\/v2\/tags?post=1799"}],"curies":[{"name":"wp","href":"https:\/\/api.w.org\/{rel}","templated":true}]}}