{"id":1842,"date":"2024-05-07T07:51:02","date_gmt":"2024-05-07T06:51:02","guid":{"rendered":"https:\/\/www.os-vransko.si\/vrtec-tabor\/?p=1842"},"modified":"2024-05-07T07:52:53","modified_gmt":"2024-05-07T06:52:53","slug":"dopoldne-s-policisti","status":"publish","type":"post","link":"https:\/\/www.os-vransko.si\/vrtec-tabor\/dopoldne-s-policisti\/","title":{"rendered":"Dopoldne s policisti"},"content":{"rendered":"<p>[vc_row][vc_column][vc_column_text]Policiste smo povabili z namenom uresni\u010devanja cilja iz Kurikuluma za <em>vrtce \u00bbOtrok spoznava, da si morajo vsi ljudje v dolo\u010deni dru\u017ebi pomagati in sodelovati, da bi lahko ta delovala ter omogo\u010dila pre\u017eivetje, dobro po\u010dutje in udobje\u00ab.<\/em>[\/vc_column_text][\/vc_column][\/vc_row][vc_row][vc_column width=&#8221;1\/2&#8243;][vc_separator color=&#8221;white&#8221;][vc_column_text]Otroci so si lahko ogledali ter rokovali z razli\u010dno opremo in pripomo\u010dki, ki jih policisti uporabljajo pri svojem delu, brez strahu pa so preizkusili tudi zadnji prostor policijskega vozila, bolj poznanega pod imenom \u00bbMarica\u00ab. Prav vsi otroci so bili navdu\u0161eni tudi nam maskoto &#8211; policistom Leonom.<\/p>\n<p>Za pravo atrakcijo dopoldneva so poskrbeli policijski psi Megi, Mija ter Gator. Psi\u010dki sta nam demonstrirali iskanje drog in eksploziva, nem\u0161ki ov\u010dar, ki je izurjen za iskanje pogre\u0161anih oseb, pa nam je ob vaji poslu\u0161nosti prikazal mnoge spretnosti in zvestobo svojemu skrbniku.[\/vc_column_text][\/vc_column][vc_column width=&#8221;1\/2&#8243;][vc_gallery type=&#8221;flexslider_slide&#8221; interval=&#8221;5&#8243; images=&#8221;1845,1846,1847,1848&#8243; img_size=&#8221;full&#8221; onclick=&#8221;&#8221;][\/vc_column][\/vc_row][vc_row][vc_column][vc_column_text]Bilo je pou\u010dno in zanimivo dopoldne. Otroci so spoznali, da so policisti prijazni ljudje ter da nam bodo pomagali, \u010de se morda izgubimo.<\/p>\n<p>Policistom se iskreno zahvaljujemo za obisk ter za zanimivo predstavljene dejavnosti.<\/p>\n<p style=\"text-align: right;\">Za Vrtec Tabor zapisala<\/p>\n<p style=\"text-align: right;\">Lidija SVET, koordinatorica dogodka<\/p>\n<p>[\/vc_column_text][\/vc_column][\/vc_row]<\/p>\n","protected":false},"excerpt":{"rendered":"<p>V aprilu so se na\u0161emu povabilu odzvali predstavniki policistov Policijske postaje \u017dalec, Postaje prometne policije Celje, vodnika slu\u017ebenih psov ter maskota policist Leon.<\/p>\n","protected":false},"author":1,"featured_media":1843,"comment_status":"closed","ping_status":"closed","sticky":false,"template":"","format":"standard","meta":{"footnotes":""},"categories":[23],"tags":[],"class_list":["post-1842","post","type-post","status-publish","format-standard","has-post-thumbnail","hentry","category-utrinki-vrtec-tabor","odd"],"_links":{"self":[{"href":"https:\/\/www.os-vransko.si\/vrtec-tabor\/wp-json\/wp\/v2\/posts\/1842","targetHints":{"allow":["GET"]}}],"collection":[{"href":"https:\/\/www.os-vransko.si\/vrtec-tabor\/wp-json\/wp\/v2\/posts"}],"about":[{"href":"https:\/\/www.os-vransko.si\/vrtec-tabor\/wp-json\/wp\/v2\/types\/post"}],"author":[{"embeddable":true,"href":"https:\/\/www.os-vransko.si\/vrtec-tabor\/wp-json\/wp\/v2\/users\/1"}],"replies":[{"embeddable":true,"href":"https:\/\/www.os-vransko.si\/vrtec-tabor\/wp-json\/wp\/v2\/comments?post=1842"}],"version-history":[{"count":4,"href":"https:\/\/www.os-vransko.si\/vrtec-tabor\/wp-json\/wp\/v2\/posts\/1842\/revisions"}],"predecessor-version":[{"id":1851,"href":"https:\/\/www.os-vransko.si\/vrtec-tabor\/wp-json\/wp\/v2\/posts\/1842\/revisions\/1851"}],"wp:featuredmedia":[{"embeddable":true,"href":"https:\/\/www.os-vransko.si\/vrtec-tabor\/wp-json\/wp\/v2\/media\/1843"}],"wp:attachment":[{"href":"https:\/\/www.os-vransko.si\/vrtec-tabor\/wp-json\/wp\/v2\/media?parent=1842"}],"wp:term":[{"taxonomy":"category","embeddable":true,"href":"https:\/\/www.os-vransko.si\/vrtec-tabor\/wp-json\/wp\/v2\/categories?post=1842"},{"taxonomy":"post_tag","embeddable":true,"href":"https:\/\/www.os-vransko.si\/vrtec-tabor\/wp-json\/wp\/v2\/tags?post=1842"}],"curies":[{"name":"wp","href":"https:\/\/api.w.org\/{rel}","templated":true}]}}