{"id":1898,"date":"2024-09-19T09:48:19","date_gmt":"2024-09-19T08:48:19","guid":{"rendered":"https:\/\/www.os-vransko.si\/vrtec-tabor\/?p=1898"},"modified":"2024-09-19T09:50:18","modified_gmt":"2024-09-19T08:50:18","slug":"slavnostna-otvoritev-nove-igralnice-vrtca-vransko-oe-tabor","status":"publish","type":"post","link":"https:\/\/www.os-vransko.si\/vrtec-tabor\/slavnostna-otvoritev-nove-igralnice-vrtca-vransko-oe-tabor\/","title":{"rendered":"Slavnostna otvoritev nove igralnice vrtca Vransko, OE Tabor"},"content":{"rendered":"<p>[vc_row][vc_column][vc_column_text]De\u017eeven septembrski petek 13. smo obsijali s simboli\u010dnim prerezom traku na otvoritvi nove igralnice Vrtca Tabor. Ravnateljica\u00a0 O\u0160 Vransko-Tabor ga. Majda Pikl, pomo\u010dnica ravnateljice ga. Mojca Brglez, vodja PO\u0160 Tabor Marjeta Terbov\u0161ek, organizacijska vodja enote Tabor ga. Anu\u0161ka Kri\u017enik in \u017eupan ob\u010dine Tabor g. Marko Semprimo\u017enik so pospremili otroke v novo igralnico s prijetnim dru\u017eenjem in nagovorom.[\/vc_column_text][\/vc_column][\/vc_row][vc_row][vc_column width=&#8221;1\/2&#8243;][vc_column_text]Skupaj z otroki smo pripravili kulturni program. Otroci stari 3-4 let z vzgojiteljicama Lidijo in Apolonijo so rajali z ljudsko pesmijo, otroci stari 2-3 z vzgojiteljicama Katarino in Lauro pa smo se predstavili z gibalno igro posnemanja \u017eivali. Med dogodkom smo imeli pogostitev in spro\u0161\u010den klepet o prihodnosti \u0161ole in vrtca.<\/p>\n<p>Nova igralnica se nahaja v pritli\u010dju Doma krajanov ob\u010dine Tabor. Prostor je neko\u010d slu\u017eil uporabi ob\u010dinskih dru\u0161tev in je popolnoma renoviran. V svoji svetli podobi nudi veliko prostora otrokom starosti 2-3 let za izvajanje dejavnosti, ki potekajo tekom dneva.[\/vc_column_text][vc_column_text]V nagovoru ga. ravnateljice in g. \u017eupana je bilo \u010dutiti sprejemanje, da smo del dru\u017ebe, v kateri rastemo, \u017eivimo in delujemo, da z vsakodnevnim \u017eivljenjem v vrtcu, rutino, rituali in tak\u0161nimi dogodki omogo\u010damo otrokom ob\u010dutek pripadnosti, ustvarjamo prijetno vzdu\u0161je in spletamo dru\u017ebene vezi.[\/vc_column_text][\/vc_column][vc_column width=&#8221;1\/2&#8243;][vc_gallery interval=&#8221;5&#8243; images=&#8221;1900,1901,1902&#8243; img_size=&#8221;full&#8221; onclick=&#8221;&#8221;][vc_column_text]Tabor, 13.9.2024\u00a0 \u00a0 \u00a0 \u00a0 \u00a0 \u00a0 \u00a0 \u00a0 \u00a0 \u00a0 \u00a0 \u00a0 \u00a0 \u00a0 \u00a0 \u00a0 \u00a0 \u00a0 \u00a0 \u00a0 \u00a0 \u00a0 \u00a0 \u00a0 \u00a0 \u00a0 \u00a0 \u00a0 \u00a0 Katarina Berlec in Laura Ba\u0161i\u010d[\/vc_column_text][\/vc_column][\/vc_row]<\/p>\n","protected":false},"excerpt":{"rendered":"<p>De\u017eeven septembrski petek 13. smo obsijali s simboli\u010dnim prerezom traku na otvoritvi nove igralnice Vrtca Tabor. Ravnateljica  O\u0160 Vransko-Tabor ga. Majda Pikl, pomo\u010dnica ravnateljice ga. Mojca Brglez, vodja PO\u0160 Tabor Marjeta Terbov\u0161ek, organizacijska vodja enote Tabor ga. Anu\u0161ka Kri\u017enik in \u017eupan ob\u010dine Tabor g. Marko Semprimo\u017enik so pospremili otroke v novo igralnico s prijetnim dru\u017eenjem in nagovorom. <\/p>\n","protected":false},"author":1,"featured_media":1899,"comment_status":"closed","ping_status":"closed","sticky":false,"template":"","format":"standard","meta":{"footnotes":""},"categories":[23],"tags":[],"class_list":["post-1898","post","type-post","status-publish","format-standard","has-post-thumbnail","hentry","category-utrinki-vrtec-tabor","odd"],"_links":{"self":[{"href":"https:\/\/www.os-vransko.si\/vrtec-tabor\/wp-json\/wp\/v2\/posts\/1898","targetHints":{"allow":["GET"]}}],"collection":[{"href":"https:\/\/www.os-vransko.si\/vrtec-tabor\/wp-json\/wp\/v2\/posts"}],"about":[{"href":"https:\/\/www.os-vransko.si\/vrtec-tabor\/wp-json\/wp\/v2\/types\/post"}],"author":[{"embeddable":true,"href":"https:\/\/www.os-vransko.si\/vrtec-tabor\/wp-json\/wp\/v2\/users\/1"}],"replies":[{"embeddable":true,"href":"https:\/\/www.os-vransko.si\/vrtec-tabor\/wp-json\/wp\/v2\/comments?post=1898"}],"version-history":[{"count":4,"href":"https:\/\/www.os-vransko.si\/vrtec-tabor\/wp-json\/wp\/v2\/posts\/1898\/revisions"}],"predecessor-version":[{"id":1904,"href":"https:\/\/www.os-vransko.si\/vrtec-tabor\/wp-json\/wp\/v2\/posts\/1898\/revisions\/1904"}],"wp:featuredmedia":[{"embeddable":true,"href":"https:\/\/www.os-vransko.si\/vrtec-tabor\/wp-json\/wp\/v2\/media\/1899"}],"wp:attachment":[{"href":"https:\/\/www.os-vransko.si\/vrtec-tabor\/wp-json\/wp\/v2\/media?parent=1898"}],"wp:term":[{"taxonomy":"category","embeddable":true,"href":"https:\/\/www.os-vransko.si\/vrtec-tabor\/wp-json\/wp\/v2\/categories?post=1898"},{"taxonomy":"post_tag","embeddable":true,"href":"https:\/\/www.os-vransko.si\/vrtec-tabor\/wp-json\/wp\/v2\/tags?post=1898"}],"curies":[{"name":"wp","href":"https:\/\/api.w.org\/{rel}","templated":true}]}}