{"id":2002,"date":"2024-11-23T03:54:23","date_gmt":"2024-11-23T02:54:23","guid":{"rendered":"https:\/\/www.os-vransko.si\/vrtec-tabor\/?p=2002"},"modified":"2024-11-29T04:09:17","modified_gmt":"2024-11-29T03:09:17","slug":"gasilci-v-vrtcu","status":"publish","type":"post","link":"https:\/\/www.os-vransko.si\/vrtec-tabor\/gasilci-v-vrtcu\/","title":{"rendered":"GASILCI V VRTCU"},"content":{"rendered":"<p>[vc_row][vc_column][vc_column_text]Vsako leto je mesec oktober zaznamovan kot mesec po\u017earne varnosti. Z leto\u0161njim sloganom <strong>Po\u017earna varnost \u2013 bodi varen, bodi pripravljen, <\/strong>smo strokovne delavke vrtca Tabor otrokom pribli\u017eale poslanstvo gasilcev ter jih seznanile s preventivnimi ukrepi in pravilnem ravnanjem ob po\u017earu.[\/vc_column_text][\/vc_column][\/vc_row][vc_row][vc_column width=&#8221;1\/2&#8243;][vc_separator color=&#8221;white&#8221;][vc_column_text]Pester program na temo po\u017earne varnosti je potekal po oddelkih. Otroci so tako spoznali gasilsko opremo in gasilsko za\u0161\u010ditno obleko, katero so lahko tudi preizkusili. Z ustvarjalnimi delavnicami so poustvarjali gasilska vozila ter izdelovali gasilske \u010delade, se igrali ustvarjalno igro z gasilsko opremo, poslu\u0161ali gasilko himno, se nau\u010dili na katero \u0161tevilko moramo poklicati gasilce, preko igre spoznavali katere informacije moramo povedati, ko pokli\u010demo na 112. Z gibalnim poligonom \u010dez celoten vrtec pa smo prikazali, kako se morajo spretni gasilci gibati v primeru po\u017eara, med potresom in pri poplavah.[\/vc_column_text][\/vc_column][vc_column width=&#8221;1\/2&#8243;][vc_gallery type=&#8221;flexslider_slide&#8221; interval=&#8221;5&#8243; images=&#8221;2007,2008,2009,2010,2011,2012&#8243; img_size=&#8221;full&#8221; onclick=&#8221;&#8221;][\/vc_column][\/vc_row][vc_row][vc_column][vc_column_text]Poleg dejavnosti, ki so se izvajale po igralnicah, smo mesec po\u017earne varnosti popestrile z obiskom gasilcev. \u017de kar po uvodnih dejavnostih smo izvedli vajo evakuacije s pomo\u010djo gasilcev PGD Kapla-Pondor. Spoznali smo se s staro opremo za ga\u0161enje, gasilci PGD Kapla-Pondor pa so nam prikazali kako so gasili neko\u010d. Na obisk smo povabili tudi vsa tri gasilska dru\u0161tva v GPO Tabor ter si ogledali njihova vozila in opremo, spoznali ter preizkusili nosila, termo kamero, dihalni aparat ter se lahko usedli v gasilska vozila in se po\u010dutili kot pravi gasilci. Na\u0161emu vabilu so se odzvali tudi gasilci PGD \u017dalec, ki so nas obiskali z gasilsko avtolestvijo. Otrokom so predstavili, zakaj se uporablja avtolestev ter na koncu naredili \u0161e pravi prakti\u010dni prikaz re\u0161evanja iz vi\u0161in.<\/p>\n<p>Otroci so bili aktivno vpeti v delo gasilcev skozi vse dejavnosti, ki so se izvajale. Z zanimanjem in pri\u010dakovanjem so vsakodnevno spra\u0161evali, ali na obisk zopet pridejo gasilci. Vsi zunanji strokovnjaki \u2013 gasilci PGD Ojstri\u0161ka vas-Tabor, PGD Kapla-Pondor, PGD Loke in PGD \u017dalec \u2013 so obogatili na\u0161 program, zato se iskreno zahvaljujemo za njihov \u010das in pripravljenost.[\/vc_column_text][\/vc_column][\/vc_row][vc_row][vc_column width=&#8221;2\/3&#8243;][vc_single_image image=&#8221;2015&#8243; img_size=&#8221;full&#8221; alignment=&#8221;center&#8221;][\/vc_column][vc_column width=&#8221;1\/3&#8243;][vc_column_text]Z gasilskim pozdravom<\/p>\n<p>NA POMO\u010c!<\/p>\n<p style=\"text-align: right;\">Koordinatorici Katja Podgor\u0161ek in Mija Pustoslem\u0161ek<\/p>\n<p>[\/vc_column_text][\/vc_column][\/vc_row]<\/p>\n","protected":false},"excerpt":{"rendered":"<p>Poleg dejavnosti, ki so se izvajale po igralnicah, smo mesec po\u017earne varnosti popestrile z obiskom gasilcev. <\/p>\n","protected":false},"author":1,"featured_media":2005,"comment_status":"closed","ping_status":"closed","sticky":false,"template":"","format":"standard","meta":{"footnotes":""},"categories":[23],"tags":[],"class_list":["post-2002","post","type-post","status-publish","format-standard","has-post-thumbnail","hentry","category-utrinki-vrtec-tabor","odd"],"_links":{"self":[{"href":"https:\/\/www.os-vransko.si\/vrtec-tabor\/wp-json\/wp\/v2\/posts\/2002","targetHints":{"allow":["GET"]}}],"collection":[{"href":"https:\/\/www.os-vransko.si\/vrtec-tabor\/wp-json\/wp\/v2\/posts"}],"about":[{"href":"https:\/\/www.os-vransko.si\/vrtec-tabor\/wp-json\/wp\/v2\/types\/post"}],"author":[{"embeddable":true,"href":"https:\/\/www.os-vransko.si\/vrtec-tabor\/wp-json\/wp\/v2\/users\/1"}],"replies":[{"embeddable":true,"href":"https:\/\/www.os-vransko.si\/vrtec-tabor\/wp-json\/wp\/v2\/comments?post=2002"}],"version-history":[{"count":7,"href":"https:\/\/www.os-vransko.si\/vrtec-tabor\/wp-json\/wp\/v2\/posts\/2002\/revisions"}],"predecessor-version":[{"id":2006,"href":"https:\/\/www.os-vransko.si\/vrtec-tabor\/wp-json\/wp\/v2\/posts\/2002\/revisions\/2006"}],"wp:featuredmedia":[{"embeddable":true,"href":"https:\/\/www.os-vransko.si\/vrtec-tabor\/wp-json\/wp\/v2\/media\/2005"}],"wp:attachment":[{"href":"https:\/\/www.os-vransko.si\/vrtec-tabor\/wp-json\/wp\/v2\/media?parent=2002"}],"wp:term":[{"taxonomy":"category","embeddable":true,"href":"https:\/\/www.os-vransko.si\/vrtec-tabor\/wp-json\/wp\/v2\/categories?post=2002"},{"taxonomy":"post_tag","embeddable":true,"href":"https:\/\/www.os-vransko.si\/vrtec-tabor\/wp-json\/wp\/v2\/tags?post=2002"}],"curies":[{"name":"wp","href":"https:\/\/api.w.org\/{rel}","templated":true}]}}