{"id":2360,"date":"2025-06-04T10:19:33","date_gmt":"2025-06-04T09:19:33","guid":{"rendered":"https:\/\/www.os-vransko.si\/vrtec-tabor\/?p=2360"},"modified":"2025-06-13T10:24:20","modified_gmt":"2025-06-13T09:24:20","slug":"potujemo-po-evropi","status":"publish","type":"post","link":"https:\/\/www.os-vransko.si\/vrtec-tabor\/potujemo-po-evropi\/","title":{"rendered":"POTUJEMO PO EVROPI"},"content":{"rendered":"<p>[vc_row][vc_column][vc_column_text]Kurikulum vrtca nam narekuje cilje, po katerih na\u010drtujemo dejavnosti v vrtcu. Eden izmed pomembnih ciljev je spoznavanje o\u017ejega in \u0161ir\u0161ega dru\u017ebenega in kulturnega okolja ter spoznavanje medkulturnih razlik. Skozi celotno leto smo prepotovali kar nekaj evropskih dr\u017eav. Potovali smo z nami\u0161ljenimi ladjami, letali in avti. Vsako dr\u017eavo smo spoznali na druga\u010den na\u010din, dotaknili smo se njihove zastave, lege, kulture, glasbe, plesa, kulinarike, jezika in znamenitosti ter jo primerjali z na\u0161o Slovenijo.[\/vc_column_text][\/vc_column][\/vc_row][vc_row][vc_column width=&#8221;1\/2&#8243;][vc_column_text]Na Finskem smo opazovali severni sij in si iz ledu izklesali pravi ledeni hotel.\u00a0 Na \u0160vedskem smo sre\u010dali Piko Nogavi\u010dko, se z njo merili v mo\u010di. V Avstriji smo plesali dunajski val\u010dek ter spoznali Mozzarta. Na Poljskem smo izdelali najve\u010dji grad na svetu. Nizozemsko smo prepoznali po tulipanih ter coklih. Na Hrva\u0161kem smo si izdelali \u017eivalski vrt. V Franciji smo si pripravili njihov znamenit sendvi\u010d ter pico v Italiji. \u010ce\u0161ko si bomo zapolnili po gledali\u0161\u010du ter zgodbi Trije metulji. Na Portugalskem pa smo igrali nogomet ter spoznali Azuleio pisane plo\u0161\u010dice. To je le nekaj izmed dr\u017eav, v katere smo potovali ter nekaj dejavnosti, ki smo jih izvedli. \u00a0Vsako dr\u017eavo smo do\u017eiveli in izkusili preko razli\u010dnih dejavnosti, kjer so bili otroci aktivni in so zraven u\u017eivali. Za vsako dr\u017eavo smo izdelali tudi plakat. Ob njih primerjamo zna\u010dilnosti in i\u0161\u010demo skupne lastnosti.<\/p>\n<p style=\"text-align: right;\">Otroci skupine 4-6 s Katjo in Ido<\/p>\n<p>[\/vc_column_text][\/vc_column][vc_column width=&#8221;1\/2&#8243;][vc_gallery type=&#8221;nivo&#8221; interval=&#8221;5&#8243; images=&#8221;2365,2366,2367,2368,2369,2370,2371,2372,2373,2374&#8243; img_size=&#8221;full&#8221; onclick=&#8221;&#8221;][\/vc_column][\/vc_row]<\/p>\n","protected":false},"excerpt":{"rendered":"<p>Otroci skupine 4\u20136 so z nami\u0161ljenimi prevoznimi sredstvi raziskovali evropske dr\u017eave in spoznavali njihovo kulturo, jezik, kulinariko in obi\u010daje. Na tej \u010darobni poti so ustvarjali, se gibali, peli, plesali in se u\u010dili skozi igro.<\/p>\n","protected":false},"author":1,"featured_media":2361,"comment_status":"closed","ping_status":"closed","sticky":false,"template":"","format":"standard","meta":{"footnotes":""},"categories":[23],"tags":[],"class_list":["post-2360","post","type-post","status-publish","format-standard","has-post-thumbnail","hentry","category-utrinki-vrtec-tabor","odd"],"_links":{"self":[{"href":"https:\/\/www.os-vransko.si\/vrtec-tabor\/wp-json\/wp\/v2\/posts\/2360","targetHints":{"allow":["GET"]}}],"collection":[{"href":"https:\/\/www.os-vransko.si\/vrtec-tabor\/wp-json\/wp\/v2\/posts"}],"about":[{"href":"https:\/\/www.os-vransko.si\/vrtec-tabor\/wp-json\/wp\/v2\/types\/post"}],"author":[{"embeddable":true,"href":"https:\/\/www.os-vransko.si\/vrtec-tabor\/wp-json\/wp\/v2\/users\/1"}],"replies":[{"embeddable":true,"href":"https:\/\/www.os-vransko.si\/vrtec-tabor\/wp-json\/wp\/v2\/comments?post=2360"}],"version-history":[{"count":4,"href":"https:\/\/www.os-vransko.si\/vrtec-tabor\/wp-json\/wp\/v2\/posts\/2360\/revisions"}],"predecessor-version":[{"id":2363,"href":"https:\/\/www.os-vransko.si\/vrtec-tabor\/wp-json\/wp\/v2\/posts\/2360\/revisions\/2363"}],"wp:featuredmedia":[{"embeddable":true,"href":"https:\/\/www.os-vransko.si\/vrtec-tabor\/wp-json\/wp\/v2\/media\/2361"}],"wp:attachment":[{"href":"https:\/\/www.os-vransko.si\/vrtec-tabor\/wp-json\/wp\/v2\/media?parent=2360"}],"wp:term":[{"taxonomy":"category","embeddable":true,"href":"https:\/\/www.os-vransko.si\/vrtec-tabor\/wp-json\/wp\/v2\/categories?post=2360"},{"taxonomy":"post_tag","embeddable":true,"href":"https:\/\/www.os-vransko.si\/vrtec-tabor\/wp-json\/wp\/v2\/tags?post=2360"}],"curies":[{"name":"wp","href":"https:\/\/api.w.org\/{rel}","templated":true}]}}