{"id":2454,"date":"2025-06-17T07:13:45","date_gmt":"2025-06-17T06:13:45","guid":{"rendered":"https:\/\/www.os-vransko.si\/vrtec-tabor\/?p=2454"},"modified":"2025-06-17T07:16:48","modified_gmt":"2025-06-17T06:16:48","slug":"zakljucno-srecanje-v-vrtcu-tabor","status":"publish","type":"post","link":"https:\/\/www.os-vransko.si\/vrtec-tabor\/zakljucno-srecanje-v-vrtcu-tabor\/","title":{"rendered":"ZAKLJU\u010cNO SRE\u010cANJE V VRTCU TABOR"},"content":{"rendered":"<p>[vc_row][vc_column][vc_column_text]V toplem junijskem popoldnevu smo v vrtcu Tabor pripravili zaklju\u010dno sre\u010danje s star\u0161i, ki pa ni bilo zgolj obi\u010dajno slovo od \u0161olskega leta, temve\u010d pravo potovanje okoli sveta, skozi o\u010di matematike. Leto\u0161nji dogodek je bil namre\u010d posve\u010den spoznavanju matemati\u010dnih pojmov skozi kulturo razli\u010dnih narodov. Otroci, strokovne delavke in star\u0161i smo skupaj stopili na pisano raziskovalno pot, kjer smo odkrivali, kako mo\u010dno je matematika prepletena z vsakdanjim \u017eivljenjem ljudi po vsem svetu.[\/vc_column_text][\/vc_column][\/vc_row][vc_row][vc_column width=&#8221;1\/2&#8243;][vc_column_text]V pred\u0161olskem obdobju matematika ni zgolj u\u010denje \u0161tevilk, temve\u010d pomeni raziskovanje, razvr\u0161\u010danje, merjenje, primerjanje in kar je najpomembneje, igro. Letos smo vse te vsebine nadgradili z medkulturno noto, ki je otrokom omogo\u010dila, da matematiko za\u010dutijo tudi skozi zgodbe, barve, gibanje in ustvarjalnost razli\u010dnih kultur.<br \/>\nVzgojiteljice smo pripravile ve\u010d tematskih koti\u010dkov, ki so predstavljali izbrane dr\u017eave in celine. Otroci so najprej raziskovali, kako razli\u010dne kulture upodabljajo \u010dlove\u0161ki obraz; s pomo\u010djo barv in likovnih materialov so ustvarjali obraze otrok sveta. V kulinari\u010dnem koti\u010dku so sestavljali sadna nabodala in pripravljali osve\u017eilne napitke, pri \u010demer so sestavine razvr\u0161\u010dali po barvah in okusih. Gibalne igre so otroke popeljale skozi zna\u010dilnosti posameznih celin, pri \u010demer so s telesom izra\u017eali razli\u010dne naravne in kulturne posebnosti.[\/vc_column_text][\/vc_column][vc_column width=&#8221;1\/2&#8243;][vc_separator color=&#8221;white&#8221;][vc_gallery type=&#8221;nivo&#8221; interval=&#8221;5&#8243; images=&#8221;2456,2457,2458,2459,2460,2461,2462,2463&#8243; img_size=&#8221;full&#8221; onclick=&#8221;&#8221;][\/vc_column][\/vc_row][vc_row][vc_column][vc_column_text]Na Kitajskem so se otroci preizkusili v sestavljanju tangramov ter raziskovali razli\u010dne mo\u017enosti oblikovanja figur, poleg tega pa so zaplesali v plesni delavnici z barvitimi de\u017eniki. V romunskem koti\u010dku so iz kartonskih tulcev gradili grad in metali \u017eogice v bazen\u010dek, ki je predstavljal \u010crno morje, pri \u010demer so sledili barvam romunske zastave. V gr\u0161ki delavnici jih je pri\u010dakalo \u00bbkolo sre\u010de\u00ab, ki jim je naklju\u010dno izbralo eno izmed \u00bbolimpijskih disciplin\u00ab, kot so veslanje, hokej ali vle\u010denje vrvi \u2013 vsaka naloga je vsebovala elemente \u0161tetja, gibanja in sodelovanja.<\/p>\n<p>Na \u0160vedskem so se otroci prelevili v Piko Nogavi\u010dko ali gusarja in se preizkusili v raznolikih nalogah, ki so spodbujale njihovo iznajdljivost, domi\u0161ljijo in telesno spretnost. V koti\u010dku, posve\u010denem Sloveniji in njenim sosedam, so otroci izdelovali kapnike iz Postojnske jame, na Hrva\u0161kem so lovili ribe, v Italiji igrali spominsko igro z motivi vulkanov, v Avstriji gradili arhitekturne stvaritve iz razli\u010dnih gradnikov, na Mad\u017earskem pa barvali porcelan in se pri tem sre\u010dali z vzorci in oblikami.<\/p>\n<p>Zaklju\u010dno sre\u010danje je znova dokazalo, da je matematika veliko ve\u010d kot zgolj \u0161tetje \u2013 je na\u010din razmi\u0161ljanja, raziskovanja in povezovanja. Ko otroci skozi igro odkrivajo, da se \u0161tevilke, oblike in vzorci pojavljajo po vsem svetu, hkrati razvijajo ne le matemati\u010dne, temve\u010d tudi socialne, kulturne in medosebne spretnosti. Dogodek je bil lep zaklju\u010dek bogatega in ustvarjalnega \u0161olskega leta, v katerem so se otroci u\u010dili z radovednostjo, veseljem in odprtostjo do sveta.<\/p>\n<p style=\"text-align: right;\"><strong>Koordinatorici dogodka:<\/strong><br \/>\n<em>Apolonija K.<\/em> in <em>Laura B.<\/em><\/p>\n<p>[\/vc_column_text][\/vc_column][\/vc_row]<\/p>\n","protected":false},"excerpt":{"rendered":"<p>Na zaklju\u010dno sre\u010danje v vrtcu Tabor smo tokrat odpotovali kar okoli sveta \u2013 skozi igre, ustvarjalnost in matematiko, vtkano v kulturo razli\u010dnih narodov. Otroci in star\u0161i so skupaj odkrivali, kako pisana in zabavna zna biti matematika!<\/p>\n","protected":false},"author":1,"featured_media":2455,"comment_status":"closed","ping_status":"closed","sticky":false,"template":"","format":"standard","meta":{"footnotes":""},"categories":[23],"tags":[],"class_list":["post-2454","post","type-post","status-publish","format-standard","has-post-thumbnail","hentry","category-utrinki-vrtec-tabor","odd"],"_links":{"self":[{"href":"https:\/\/www.os-vransko.si\/vrtec-tabor\/wp-json\/wp\/v2\/posts\/2454","targetHints":{"allow":["GET"]}}],"collection":[{"href":"https:\/\/www.os-vransko.si\/vrtec-tabor\/wp-json\/wp\/v2\/posts"}],"about":[{"href":"https:\/\/www.os-vransko.si\/vrtec-tabor\/wp-json\/wp\/v2\/types\/post"}],"author":[{"embeddable":true,"href":"https:\/\/www.os-vransko.si\/vrtec-tabor\/wp-json\/wp\/v2\/users\/1"}],"replies":[{"embeddable":true,"href":"https:\/\/www.os-vransko.si\/vrtec-tabor\/wp-json\/wp\/v2\/comments?post=2454"}],"version-history":[{"count":4,"href":"https:\/\/www.os-vransko.si\/vrtec-tabor\/wp-json\/wp\/v2\/posts\/2454\/revisions"}],"predecessor-version":[{"id":2465,"href":"https:\/\/www.os-vransko.si\/vrtec-tabor\/wp-json\/wp\/v2\/posts\/2454\/revisions\/2465"}],"wp:featuredmedia":[{"embeddable":true,"href":"https:\/\/www.os-vransko.si\/vrtec-tabor\/wp-json\/wp\/v2\/media\/2455"}],"wp:attachment":[{"href":"https:\/\/www.os-vransko.si\/vrtec-tabor\/wp-json\/wp\/v2\/media?parent=2454"}],"wp:term":[{"taxonomy":"category","embeddable":true,"href":"https:\/\/www.os-vransko.si\/vrtec-tabor\/wp-json\/wp\/v2\/categories?post=2454"},{"taxonomy":"post_tag","embeddable":true,"href":"https:\/\/www.os-vransko.si\/vrtec-tabor\/wp-json\/wp\/v2\/tags?post=2454"}],"curies":[{"name":"wp","href":"https:\/\/api.w.org\/{rel}","templated":true}]}}