{"id":767,"date":"2022-04-13T07:28:08","date_gmt":"2022-04-13T06:28:08","guid":{"rendered":"https:\/\/www.os-vransko.si\/vrtec-tabor\/?p=767"},"modified":"2022-04-13T07:28:08","modified_gmt":"2022-04-13T06:28:08","slug":"beri-mi-prosim","status":"publish","type":"post","link":"https:\/\/www.os-vransko.si\/vrtec-tabor\/beri-mi-prosim\/","title":{"rendered":"BERI MI, PROSIM!"},"content":{"rendered":"<p>[vc_row][vc_column][vc_column_text]Odkar ljudje berejo velja, da postane\u0161 to kar bere\u0161. V na\u0161em vrtcu se dr\u017eimo na\u010dela, da je branje kvalitetne literature zelo dobra nalo\u017eba za otrokovo \u017eivljenje. Na mednarodni dan knjige za otroke, ki ga vsako leto obele\u017eimo v aprilu, smo z otroki spoznavali slovenske otro\u0161ke ilustratorje in pisatelje. V na\u0161i skupini imamo najraje ilustracije Zvonka \u010coha iz iz\u0161tevank Enci benci in Anjo \u0160tefan ter Svetlano Makarovi\u010d ter veliko njunih pravljic.<\/p>\n<p>Ker smo res \u017ee zelo veliki, smo se tudi sami obuli v \u010devlje ilustratorja in pisatelja ter si izdelali svojo knjigo. Kaj pa v njej pi\u0161e, pa vam povemo ko se sre\u010damo!<\/p>\n<p>Otroci odd. 2-3 let<\/p>\n<p style=\"text-align: right;\">Vzg.: Anu\u0161ka Kri\u017enik<\/p>\n<p>[\/vc_column_text][\/vc_column][\/vc_row]<\/p>\n","protected":false},"excerpt":{"rendered":"<p>Odkar ljudje berejo velja, da postane\u0161 to kar bere\u0161. V na\u0161em vrtcu se dr\u017eimo na\u010dela, da je branje kvalitetne literature zelo dobra nalo\u017eba za otrokovo \u017eivljenje. <\/p>\n","protected":false},"author":1,"featured_media":768,"comment_status":"closed","ping_status":"closed","sticky":false,"template":"","format":"standard","meta":{"footnotes":""},"categories":[23],"tags":[],"class_list":["post-767","post","type-post","status-publish","format-standard","has-post-thumbnail","hentry","category-utrinki-vrtec-tabor","odd"],"_links":{"self":[{"href":"https:\/\/www.os-vransko.si\/vrtec-tabor\/wp-json\/wp\/v2\/posts\/767","targetHints":{"allow":["GET"]}}],"collection":[{"href":"https:\/\/www.os-vransko.si\/vrtec-tabor\/wp-json\/wp\/v2\/posts"}],"about":[{"href":"https:\/\/www.os-vransko.si\/vrtec-tabor\/wp-json\/wp\/v2\/types\/post"}],"author":[{"embeddable":true,"href":"https:\/\/www.os-vransko.si\/vrtec-tabor\/wp-json\/wp\/v2\/users\/1"}],"replies":[{"embeddable":true,"href":"https:\/\/www.os-vransko.si\/vrtec-tabor\/wp-json\/wp\/v2\/comments?post=767"}],"version-history":[{"count":2,"href":"https:\/\/www.os-vransko.si\/vrtec-tabor\/wp-json\/wp\/v2\/posts\/767\/revisions"}],"predecessor-version":[{"id":770,"href":"https:\/\/www.os-vransko.si\/vrtec-tabor\/wp-json\/wp\/v2\/posts\/767\/revisions\/770"}],"wp:featuredmedia":[{"embeddable":true,"href":"https:\/\/www.os-vransko.si\/vrtec-tabor\/wp-json\/wp\/v2\/media\/768"}],"wp:attachment":[{"href":"https:\/\/www.os-vransko.si\/vrtec-tabor\/wp-json\/wp\/v2\/media?parent=767"}],"wp:term":[{"taxonomy":"category","embeddable":true,"href":"https:\/\/www.os-vransko.si\/vrtec-tabor\/wp-json\/wp\/v2\/categories?post=767"},{"taxonomy":"post_tag","embeddable":true,"href":"https:\/\/www.os-vransko.si\/vrtec-tabor\/wp-json\/wp\/v2\/tags?post=767"}],"curies":[{"name":"wp","href":"https:\/\/api.w.org\/{rel}","templated":true}]}}