{"id":1036,"date":"2022-05-12T04:40:19","date_gmt":"2022-05-12T03:40:19","guid":{"rendered":"https:\/\/www.os-vransko.si\/vrtec-vransko\/?p=1036"},"modified":"2022-07-21T09:21:03","modified_gmt":"2022-07-21T08:21:03","slug":"pocitniske-rezervacije-2022","status":"publish","type":"post","link":"https:\/\/www.os-vransko.si\/vrtec-vransko\/pocitniske-rezervacije-2022\/","title":{"rendered":"PO\u010cITNI\u0160KE REZERVACIJE 2022"},"content":{"rendered":"<p>[vc_row][vc_column width=&#8221;1\/3&#8243;][vc_column_text]<a href=\"http:\/\/www.os-vransko.si\/vrtec-vransko\/wp-content\/uploads\/sites\/3\/2022\/05\/SKLEP-BOVEC-2022.pdf\">Ob\u010dina Bovec<\/a><\/p>\n<p><a href=\"http:\/\/www.os-vransko.si\/vrtec-vransko\/wp-content\/uploads\/sites\/3\/2022\/05\/o.braslovce.pdf\">Ob\u010dina Braslov\u010de<\/a><\/p>\n<p><a href=\"http:\/\/www.os-vransko.si\/vrtec-vransko\/wp-content\/uploads\/sites\/3\/2022\/05\/DRAVOGRAD-POCITNISKA-R_za-leto-2022.pdf\">Ob\u010dina Dravograd<\/a><\/p>\n<p><a href=\"http:\/\/www.os-vransko.si\/vrtec-vransko\/wp-content\/uploads\/sites\/3\/2022\/05\/pocitniske-R-KAMNIK.pdf\">Ob\u010dina Kamnik<\/a><\/p>\n<p><a href=\"http:\/\/www.os-vransko.si\/vrtec-vransko\/wp-content\/uploads\/sites\/3\/2022\/05\/LUKOVICAkoriscenje-rezervacij.pdf\">Ob\u010dina Lukovica<\/a><\/p>\n<p><a href=\"http:\/\/www.os-vransko.si\/vrtec-vransko\/wp-content\/uploads\/sites\/3\/2022\/05\/SKLEP-Polzela-2022.pdf\">Ob\u010dina Polzela <\/a><\/p>\n<p><a href=\"http:\/\/www.os-vransko.si\/vrtec-vransko\/wp-content\/uploads\/sites\/3\/2022\/05\/Obcina-Prebold.pdf\">Ob\u010dina Prebold<\/a>[\/vc_column_text][\/vc_column][vc_column width=&#8221;1\/3&#8243;][vc_column_text]<a href=\"http:\/\/www.os-vransko.si\/vrtec-vransko\/wp-content\/uploads\/sites\/3\/2022\/05\/sklep-SLOVENJ-GRADEC.pdf\">Ob\u010dina Slovenj Gradec<\/a><\/p>\n<p><a href=\"http:\/\/www.os-vransko.si\/vrtec-vransko\/wp-content\/uploads\/sites\/3\/2022\/05\/Obcina-Recica-ob-Savinji.pdf\">Ob\u010dina Re\u010dica ob Savinji<\/a><\/p>\n<p><a href=\"http:\/\/www.os-vransko.si\/vrtec-vransko\/wp-content\/uploads\/sites\/3\/2022\/05\/POCITNISKE-REZERVACIJE-Obcina-Tabor-maj-2022.pdf\">Ob\u010dina Tabor<\/a><\/p>\n<p><a href=\"http:\/\/www.os-vransko.si\/vrtec-vransko\/wp-content\/uploads\/sites\/3\/2022\/05\/Sklep-objava-v-URL-TRZIC.pdf\">Ob\u010dina Tr\u017ei\u010d<\/a><\/p>\n<p><a href=\"http:\/\/www.os-vransko.si\/vrtec-vransko\/wp-content\/uploads\/sites\/3\/2022\/05\/VRANSKO-Pocitniske-rezervacije-2022.pdf\">Ob\u010dina Vransko<\/a><\/p>\n<p><a href=\"http:\/\/www.os-vransko.si\/vrtec-vransko\/wp-content\/uploads\/sites\/3\/2022\/05\/Pocitniske-rezervacije-Obcina-Zalec-2022-1.pdf\">Ob\u010dina \u017dalec<\/a>[\/vc_column_text][\/vc_column][vc_column width=&#8221;1\/3&#8243;][vc_single_image image=&#8221;1056&#8243; img_size=&#8221;full&#8221;][\/vc_column][\/vc_row]<\/p>\n","protected":false},"excerpt":{"rendered":"<p>[vc_row][vc_column width=&#8221;1\/3&#8243;][vc_column_text]Ob\u010dina Bovec Ob\u010dina Braslov\u010de Ob\u010dina Dravograd Ob\u010dina Kamnik Ob\u010dina Lukovica Ob\u010dina Polzela Ob\u010dina Prebold[\/vc_column_text][\/vc_column][vc_column width=&#8221;1\/3&#8243;][vc_column_text]Ob\u010dina Slovenj Gradec Ob\u010dina Re\u010dica ob Savinji Ob\u010dina Tabor Ob\u010dina Tr\u017ei\u010d Ob\u010dina Vransko Ob\u010dina \u017dalec[\/vc_column_text][\/vc_column][vc_column width=&#8221;1\/3&#8243;][vc_single_image image=&#8221;1056&#8243; img_size=&#8221;full&#8221;][\/vc_column][\/vc_row]<\/p>\n","protected":false},"author":1,"featured_media":1037,"comment_status":"closed","ping_status":"closed","sticky":false,"template":"","format":"standard","meta":{"ngg_post_thumbnail":0,"footnotes":""},"categories":[55],"tags":[],"class_list":["post-1036","post","type-post","status-publish","format-standard","has-post-thumbnail","hentry","category-sklepi-obcin-za-poletno-rezervacijo-vrtca","odd"],"_links":{"self":[{"href":"https:\/\/www.os-vransko.si\/vrtec-vransko\/wp-json\/wp\/v2\/posts\/1036","targetHints":{"allow":["GET"]}}],"collection":[{"href":"https:\/\/www.os-vransko.si\/vrtec-vransko\/wp-json\/wp\/v2\/posts"}],"about":[{"href":"https:\/\/www.os-vransko.si\/vrtec-vransko\/wp-json\/wp\/v2\/types\/post"}],"author":[{"embeddable":true,"href":"https:\/\/www.os-vransko.si\/vrtec-vransko\/wp-json\/wp\/v2\/users\/1"}],"replies":[{"embeddable":true,"href":"https:\/\/www.os-vransko.si\/vrtec-vransko\/wp-json\/wp\/v2\/comments?post=1036"}],"version-history":[{"count":11,"href":"https:\/\/www.os-vransko.si\/vrtec-vransko\/wp-json\/wp\/v2\/posts\/1036\/revisions"}],"predecessor-version":[{"id":1075,"href":"https:\/\/www.os-vransko.si\/vrtec-vransko\/wp-json\/wp\/v2\/posts\/1036\/revisions\/1075"}],"wp:featuredmedia":[{"embeddable":true,"href":"https:\/\/www.os-vransko.si\/vrtec-vransko\/wp-json\/wp\/v2\/media\/1037"}],"wp:attachment":[{"href":"https:\/\/www.os-vransko.si\/vrtec-vransko\/wp-json\/wp\/v2\/media?parent=1036"}],"wp:term":[{"taxonomy":"category","embeddable":true,"href":"https:\/\/www.os-vransko.si\/vrtec-vransko\/wp-json\/wp\/v2\/categories?post=1036"},{"taxonomy":"post_tag","embeddable":true,"href":"https:\/\/www.os-vransko.si\/vrtec-vransko\/wp-json\/wp\/v2\/tags?post=1036"}],"curies":[{"name":"wp","href":"https:\/\/api.w.org\/{rel}","templated":true}]}}