{"id":1332,"date":"2023-06-02T08:41:26","date_gmt":"2023-06-02T07:41:26","guid":{"rendered":"https:\/\/www.os-vransko.si\/vrtec-vransko\/?p=1332"},"modified":"2024-05-11T20:51:02","modified_gmt":"2024-05-11T19:51:02","slug":"pocitniske-rezervacije-2023","status":"publish","type":"post","link":"https:\/\/www.os-vransko.si\/vrtec-vransko\/pocitniske-rezervacije-2023\/","title":{"rendered":"PO\u010cITNI\u0160KE REZERVACIJE 2023"},"content":{"rendered":"<p>[vc_row][vc_column][vc_column_text]<a href=\"https:\/\/www.uradni-list.si\/glasilo-uradni-list-rs\/vsebina\/2019-01-2246\/sklep-o-dolocitvi-cen-programov-predsolske-vzgoje-v-javnih-vrtcih-in-dodatnih-ugodnosti-za-starse\">Povezava do Sklepa o dolo\u010ditvi cen programov pred\u0161olske vzgoje v javnih vrtcih in dodatnih ugodnosti za star\u0161e<\/a>[\/vc_column_text][\/vc_column][\/vc_row][vc_row][vc_column width=&#8221;1\/3&#8243;][vc_column_text]<a href=\"http:\/\/www.os-vransko.si\/vrtec-vransko\/wp-content\/uploads\/sites\/3\/2023\/06\/sklep-BOVEC.pdf\">Ob\u010dina Bovec<\/a><\/p>\n<p><a href=\"https:\/\/osvranskotabor-my.sharepoint.com\/:b:\/g\/personal\/zvonkac_os-vransko_si\/EYgN8PsCgbpPoERhrISb2q0Buq_Z8_qmQlNkNuEk6BsZLA?e=BXF7zN\">Ob\u010dina Braslov\u010de<\/a><\/p>\n<p><a href=\"http:\/\/www.os-vransko.si\/vrtec-vransko\/wp-content\/uploads\/sites\/3\/2023\/06\/sklep-cena-2023-CELJE.pdf\">Ob\u010dina Celje<\/a><\/p>\n<p><a href=\"http:\/\/www.os-vransko.si\/vrtec-vransko\/wp-content\/uploads\/sites\/3\/2023\/06\/SKLEP-CENA-KAMNIK.pdf\">Ob\u010dina Kamnik<\/a><\/p>\n<p><a href=\"http:\/\/www.os-vransko.si\/vrtec-vransko\/wp-content\/uploads\/sites\/3\/2023\/06\/sklep-Lukovica.pdf\">Ob\u010dina Lukovica<\/a><\/p>\n<p><a href=\"http:\/\/www.os-vransko.si\/vrtec-vransko\/wp-content\/uploads\/sites\/3\/2023\/06\/se-veljavni-sklep-MOL.pdf\">Ob\u010dina MOL<\/a><\/p>\n<p><a href=\"http:\/\/www.os-vransko.si\/vrtec-vransko\/wp-content\/uploads\/sites\/3\/2023\/06\/MURSKA-SOBOTA.pdf\">Ob\u010dina MURSKA SOBOTA<\/a>[\/vc_column_text][\/vc_column][vc_column width=&#8221;1\/3&#8243;][vc_column_text]<a href=\"http:\/\/www.os-vransko.si\/vrtec-vransko\/wp-content\/uploads\/sites\/3\/2023\/06\/sklep-POLZELA_10_7_23.pdf\">Ob\u010dina Polzela<\/a><\/p>\n<p><a href=\"http:\/\/www.os-vransko.si\/vrtec-vransko\/wp-content\/uploads\/sites\/3\/2023\/06\/sklep-Prebold.pdf\">Ob\u010dina Prebold<\/a><\/p>\n<p><a href=\"http:\/\/www.os-vransko.si\/vrtec-vransko\/wp-content\/uploads\/sites\/3\/2023\/06\/sklep-2023-TABOR.pdf\">Ob\u010dina Tabor<\/a><\/p>\n<p><a href=\"http:\/\/www.os-vransko.si\/vrtec-vransko\/wp-content\/uploads\/sites\/3\/2023\/06\/Sklep-2023-Velenje.pdf\">Ob\u010dina Velenje<\/a><\/p>\n<p><a href=\"https:\/\/osvranskotabor-my.sharepoint.com\/:b:\/g\/personal\/zvonkac_os-vransko_si\/EUkpY47w_b5JoK3fD0otOMcB5r9IafkzH8Af4cIqExo5hA?e=knxWxr\">Ob\u010dina Vransko<\/a><\/p>\n<p><a href=\"http:\/\/www.os-vransko.si\/vrtec-vransko\/wp-content\/uploads\/sites\/3\/2023\/06\/Sklep_Obcina-Zagorje-ob-Savi.pdf\">Ob\u010dina Zagorje ob Savi<\/a><\/p>\n<p><a href=\"http:\/\/www.os-vransko.si\/vrtec-vransko\/wp-content\/uploads\/sites\/3\/2023\/06\/Pocitniske-R-Obcina-Zalec-2023.pdf\">Ob\u010dina \u017dalec <\/a>[\/vc_column_text][\/vc_column][vc_column width=&#8221;1\/3&#8243;][vc_separator color=&#8221;white&#8221;][vc_single_image image=&#8221;493&#8243; img_size=&#8221;full&#8221;][\/vc_column][\/vc_row]<\/p>\n","protected":false},"excerpt":{"rendered":"<p>Povezave do Sklepa o dolo\u010ditvi cen programov pred\u0161olske vzgoje v javnih vrtcih in dodatnih ugodnosti za star\u0161e.<\/p>\n","protected":false},"author":1,"featured_media":1037,"comment_status":"closed","ping_status":"closed","sticky":false,"template":"","format":"standard","meta":{"ngg_post_thumbnail":0,"footnotes":""},"categories":[19,33,32,55],"tags":[],"class_list":["post-1332","post","type-post","status-publish","format-standard","has-post-thumbnail","hentry","category-obvestila","category-obvestila-vrtec-tabor","category-obvestila-vrtec-vransko","category-sklepi-obcin-za-poletno-rezervacijo-vrtca","odd"],"_links":{"self":[{"href":"https:\/\/www.os-vransko.si\/vrtec-vransko\/wp-json\/wp\/v2\/posts\/1332","targetHints":{"allow":["GET"]}}],"collection":[{"href":"https:\/\/www.os-vransko.si\/vrtec-vransko\/wp-json\/wp\/v2\/posts"}],"about":[{"href":"https:\/\/www.os-vransko.si\/vrtec-vransko\/wp-json\/wp\/v2\/types\/post"}],"author":[{"embeddable":true,"href":"https:\/\/www.os-vransko.si\/vrtec-vransko\/wp-json\/wp\/v2\/users\/1"}],"replies":[{"embeddable":true,"href":"https:\/\/www.os-vransko.si\/vrtec-vransko\/wp-json\/wp\/v2\/comments?post=1332"}],"version-history":[{"count":11,"href":"https:\/\/www.os-vransko.si\/vrtec-vransko\/wp-json\/wp\/v2\/posts\/1332\/revisions"}],"predecessor-version":[{"id":1368,"href":"https:\/\/www.os-vransko.si\/vrtec-vransko\/wp-json\/wp\/v2\/posts\/1332\/revisions\/1368"}],"wp:featuredmedia":[{"embeddable":true,"href":"https:\/\/www.os-vransko.si\/vrtec-vransko\/wp-json\/wp\/v2\/media\/1037"}],"wp:attachment":[{"href":"https:\/\/www.os-vransko.si\/vrtec-vransko\/wp-json\/wp\/v2\/media?parent=1332"}],"wp:term":[{"taxonomy":"category","embeddable":true,"href":"https:\/\/www.os-vransko.si\/vrtec-vransko\/wp-json\/wp\/v2\/categories?post=1332"},{"taxonomy":"post_tag","embeddable":true,"href":"https:\/\/www.os-vransko.si\/vrtec-vransko\/wp-json\/wp\/v2\/tags?post=1332"}],"curies":[{"name":"wp","href":"https:\/\/api.w.org\/{rel}","templated":true}]}}