{"id":1389,"date":"2023-12-08T05:21:59","date_gmt":"2023-12-08T04:21:59","guid":{"rendered":"https:\/\/www.os-vransko.si\/vrtec-vransko\/?p=1389"},"modified":"2023-12-13T05:33:56","modified_gmt":"2023-12-13T04:33:56","slug":"adenoviroza-v-vrtcu","status":"publish","type":"post","link":"https:\/\/www.os-vransko.si\/vrtec-vransko\/adenoviroza-v-vrtcu\/","title":{"rendered":"Adenoviroza v vrtcu"},"content":{"rendered":"<p>[vc_row][vc_column][vc_column_text]V zimskem \u010dasu se pove\u010da \u0161tevilo obolelih otrok. Dol\u017enost vas, star\u0161ev, je, da sporo\u010dite, da je otrok bolan in nas obvestite o njegovi bolezni. Zato bodite pozorni na svojega nadobudne\u017ea.<\/p>\n<p><strong><a href=\"http:\/\/www.os-vransko.si\/vrtec-vransko\/wp-content\/uploads\/sites\/3\/2023\/12\/kapljicne-nalezljive-bolezni.pdf\">Kaplji\u010dne nalezljive bolezni<\/a><\/strong><\/p>\n<p><strong>Jo\u017eica Pe\u010dovnik<br \/>\n<\/strong><em>Organizatorka prehrane in zdravstveno higienskega re\u017eima<\/em> Osnovna \u0161ola Vransko-Tabor[\/vc_column_text][\/vc_column][\/vc_row]<\/p>\n","protected":false},"excerpt":{"rendered":"<p>V zimskem \u010dasu se pove\u010da \u0161tevilo obolelih otrok. Dol\u017enost vas, star\u0161ev, je, da sporo\u010dite, da je otrok bolan in nas obvestite o njegovi bolezni.<\/p>\n","protected":false},"author":1,"featured_media":996,"comment_status":"closed","ping_status":"closed","sticky":false,"template":"","format":"standard","meta":{"ngg_post_thumbnail":0,"footnotes":""},"categories":[33,32],"tags":[],"class_list":["post-1389","post","type-post","status-publish","format-standard","has-post-thumbnail","hentry","category-obvestila-vrtec-tabor","category-obvestila-vrtec-vransko","odd"],"_links":{"self":[{"href":"https:\/\/www.os-vransko.si\/vrtec-vransko\/wp-json\/wp\/v2\/posts\/1389","targetHints":{"allow":["GET"]}}],"collection":[{"href":"https:\/\/www.os-vransko.si\/vrtec-vransko\/wp-json\/wp\/v2\/posts"}],"about":[{"href":"https:\/\/www.os-vransko.si\/vrtec-vransko\/wp-json\/wp\/v2\/types\/post"}],"author":[{"embeddable":true,"href":"https:\/\/www.os-vransko.si\/vrtec-vransko\/wp-json\/wp\/v2\/users\/1"}],"replies":[{"embeddable":true,"href":"https:\/\/www.os-vransko.si\/vrtec-vransko\/wp-json\/wp\/v2\/comments?post=1389"}],"version-history":[{"count":5,"href":"https:\/\/www.os-vransko.si\/vrtec-vransko\/wp-json\/wp\/v2\/posts\/1389\/revisions"}],"predecessor-version":[{"id":1395,"href":"https:\/\/www.os-vransko.si\/vrtec-vransko\/wp-json\/wp\/v2\/posts\/1389\/revisions\/1395"}],"wp:featuredmedia":[{"embeddable":true,"href":"https:\/\/www.os-vransko.si\/vrtec-vransko\/wp-json\/wp\/v2\/media\/996"}],"wp:attachment":[{"href":"https:\/\/www.os-vransko.si\/vrtec-vransko\/wp-json\/wp\/v2\/media?parent=1389"}],"wp:term":[{"taxonomy":"category","embeddable":true,"href":"https:\/\/www.os-vransko.si\/vrtec-vransko\/wp-json\/wp\/v2\/categories?post=1389"},{"taxonomy":"post_tag","embeddable":true,"href":"https:\/\/www.os-vransko.si\/vrtec-vransko\/wp-json\/wp\/v2\/tags?post=1389"}],"curies":[{"name":"wp","href":"https:\/\/api.w.org\/{rel}","templated":true}]}}