{"id":1495,"date":"2024-05-11T20:59:19","date_gmt":"2024-05-11T19:59:19","guid":{"rendered":"https:\/\/www.os-vransko.si\/vrtec-vransko\/?p=1495"},"modified":"2024-06-10T08:34:38","modified_gmt":"2024-06-10T07:34:38","slug":"pocitniske-rezervacije-2024","status":"publish","type":"post","link":"https:\/\/www.os-vransko.si\/vrtec-vransko\/pocitniske-rezervacije-2024\/","title":{"rendered":"PO\u010cITNI\u0160KE REZERVACIJE 2024"},"content":{"rendered":"<p>[vc_row][vc_column width=&#8221;1\/3&#8243;][vc_column_text]Ob\u010dina Bovec<\/p>\n<p>Ob\u010dina Braslov\u010de<\/p>\n<p><a href=\"http:\/\/www.os-vransko.si\/vrtec-vransko\/wp-content\/uploads\/sites\/3\/2024\/05\/2024-sklep-celje-11-5-2024-1.pdf\">Ob\u010dina Celje<\/a><\/p>\n<p><a href=\"https:\/\/osvranskotabor-my.sharepoint.com\/:b:\/g\/personal\/zvonkac_os-vransko_si\/EfoSwMWG3J5BivsmJCTtQJ8Byw2HJHUKMZOUKI59L1ff4Q?e=R9h5an\">Ob\u010dina Grosuplje<\/a><\/p>\n<p><a href=\"http:\/\/www.os-vransko.si\/vrtec-vransko\/wp-content\/uploads\/sites\/3\/2024\/05\/2024-sklep-kamnik-11-5-2024.pdf\">Sklep ob\u010dine Kamnik<\/a><\/p>\n<p><a href=\"http:\/\/www.os-vransko.si\/vrtec-vransko\/wp-content\/uploads\/sites\/3\/2024\/05\/2024-sklep-lukovica-28-5-2024.pdf\">Ob\u010dina Lukovica<\/a><\/p>\n<p>Ob\u010dina MOL<\/p>\n<p>Ob\u010dina MURSKA SOBOTA[\/vc_column_text][\/vc_column][vc_column width=&#8221;1\/3&#8243;][vc_column_text]Ob\u010dina Polzela<\/p>\n<p><a href=\"http:\/\/www.os-vransko.si\/vrtec-vransko\/wp-content\/uploads\/sites\/3\/2024\/05\/Prebold-Pocitniska-rezervacija-21-5-2024.pdf\">Ob\u010dina Prebold<\/a><\/p>\n<p><a href=\"http:\/\/www.os-vransko.si\/vrtec-vransko\/wp-content\/uploads\/sites\/3\/2024\/05\/2024-sklep-tabor-11-5-2024.pdf\">Ob\u010dina Tabor<\/a><\/p>\n<p><a href=\"http:\/\/www.os-vransko.si\/vrtec-vransko\/wp-content\/uploads\/sites\/3\/2024\/05\/2024-sklep-TRBOVLJE-28-5-2024.pdf\">Ob\u010dina Trbovlje<\/a><\/p>\n<p><a href=\"http:\/\/www.os-vransko.si\/vrtec-vransko\/wp-content\/uploads\/sites\/3\/2024\/05\/2024-sklep-trzic-11-5-2024.pdf\">Ob\u010dina Tr\u017ei\u010d<\/a><\/p>\n<p>Ob\u010dina Velenje<\/p>\n<p><a href=\"http:\/\/www.os-vransko.si\/vrtec-vransko\/wp-content\/uploads\/sites\/3\/2024\/05\/2024-sklep-vransko-11-5-2024.pdf\">Ob\u010dina Vransko<\/a><\/p>\n<p><a href=\"http:\/\/www.os-vransko.si\/vrtec-vransko\/wp-content\/uploads\/sites\/3\/2024\/05\/2024-sklep-zagorje-ob-savi-11-5-2024-1.pdf\">Ob\u010dina Zagorje ob Savi<\/a><\/p>\n<p><a href=\"http:\/\/www.os-vransko.si\/vrtec-vransko\/wp-content\/uploads\/sites\/3\/2024\/05\/2024-sklep-zalec-11-5-2024-1.pdf\">Ob\u010dina \u017dalec<\/a>[\/vc_column_text][\/vc_column][vc_column width=&#8221;1\/3&#8243;][vc_separator color=&#8221;white&#8221;][vc_single_image image=&#8221;493&#8243; img_size=&#8221;full&#8221;][\/vc_column][\/vc_row]<\/p>\n","protected":false},"excerpt":{"rendered":"<p>Povezave do Sklepa o dolo\u010ditvi cen programov pred\u0161olske vzgoje v javnih vrtcih in dodatnih ugodnosti za star\u0161e.<\/p>\n","protected":false},"author":1,"featured_media":1037,"comment_status":"closed","ping_status":"closed","sticky":false,"template":"","format":"standard","meta":{"ngg_post_thumbnail":0,"footnotes":""},"categories":[19,33,32,55],"tags":[],"class_list":["post-1495","post","type-post","status-publish","format-standard","has-post-thumbnail","hentry","category-obvestila","category-obvestila-vrtec-tabor","category-obvestila-vrtec-vransko","category-sklepi-obcin-za-poletno-rezervacijo-vrtca","odd"],"_links":{"self":[{"href":"https:\/\/www.os-vransko.si\/vrtec-vransko\/wp-json\/wp\/v2\/posts\/1495","targetHints":{"allow":["GET"]}}],"collection":[{"href":"https:\/\/www.os-vransko.si\/vrtec-vransko\/wp-json\/wp\/v2\/posts"}],"about":[{"href":"https:\/\/www.os-vransko.si\/vrtec-vransko\/wp-json\/wp\/v2\/types\/post"}],"author":[{"embeddable":true,"href":"https:\/\/www.os-vransko.si\/vrtec-vransko\/wp-json\/wp\/v2\/users\/1"}],"replies":[{"embeddable":true,"href":"https:\/\/www.os-vransko.si\/vrtec-vransko\/wp-json\/wp\/v2\/comments?post=1495"}],"version-history":[{"count":14,"href":"https:\/\/www.os-vransko.si\/vrtec-vransko\/wp-json\/wp\/v2\/posts\/1495\/revisions"}],"predecessor-version":[{"id":1519,"href":"https:\/\/www.os-vransko.si\/vrtec-vransko\/wp-json\/wp\/v2\/posts\/1495\/revisions\/1519"}],"wp:featuredmedia":[{"embeddable":true,"href":"https:\/\/www.os-vransko.si\/vrtec-vransko\/wp-json\/wp\/v2\/media\/1037"}],"wp:attachment":[{"href":"https:\/\/www.os-vransko.si\/vrtec-vransko\/wp-json\/wp\/v2\/media?parent=1495"}],"wp:term":[{"taxonomy":"category","embeddable":true,"href":"https:\/\/www.os-vransko.si\/vrtec-vransko\/wp-json\/wp\/v2\/categories?post=1495"},{"taxonomy":"post_tag","embeddable":true,"href":"https:\/\/www.os-vransko.si\/vrtec-vransko\/wp-json\/wp\/v2\/tags?post=1495"}],"curies":[{"name":"wp","href":"https:\/\/api.w.org\/{rel}","templated":true}]}}