{"id":1787,"date":"2025-06-14T06:11:25","date_gmt":"2025-06-14T05:11:25","guid":{"rendered":"https:\/\/www.os-vransko.si\/vrtec-vransko\/?p=1787"},"modified":"2025-06-18T06:38:57","modified_gmt":"2025-06-18T05:38:57","slug":"sklep-obcin-za-poletne-rezervacije-2025","status":"publish","type":"post","link":"https:\/\/www.os-vransko.si\/vrtec-vransko\/sklep-obcin-za-poletne-rezervacije-2025\/","title":{"rendered":"Po\u010ditni\u0161ke rezervacije 2025"},"content":{"rendered":"<p>[vc_row][vc_column width=&#8221;1\/3&#8243;][vc_column_text]<a href=\"http:\/\/www.os-vransko.si\/vrtec-vransko\/wp-content\/uploads\/sites\/3\/2025\/05\/12_5_2025_Grosuplje.pdf\">Ob\u010dina Grosuplje<\/a><\/p>\n<p><a href=\"http:\/\/www.os-vransko.si\/vrtec-vransko\/wp-content\/uploads\/sites\/3\/2025\/05\/12_5_2025_Kamnik.pdf\">ob\u010dina Kamnik<\/a><\/p>\n<p><a href=\"https:\/\/osvranskotabor-my.sharepoint.com\/:b:\/g\/personal\/zvonkac_os-vransko_si\/ETx0L6_Oh7hHrzCSdxcgfa4BoYE9LnzHp95kDYq0CVcG6A?e=8G8Efj\">Ob\u010dina Lukovica<\/a><\/p>\n<p><a href=\"http:\/\/www.os-vransko.si\/vrtec-vransko\/wp-content\/uploads\/sites\/3\/2025\/05\/12_5_2025_MO_Ljubljana.pdf\">Ob\u010dina MOL<\/a><\/p>\n<p><a href=\"http:\/\/www.os-vransko.si\/vrtec-vransko\/wp-content\/uploads\/sites\/3\/2025\/05\/15_5_2025_Prebold.pdf\">Ob\u010dina Prebold<\/a>[\/vc_column_text][\/vc_column][vc_column width=&#8221;1\/3&#8243;][vc_column_text]<a href=\"http:\/\/www.os-vransko.si\/vrtec-vransko\/wp-content\/uploads\/sites\/3\/2025\/05\/12_5_2025_TABOR-2025_Sklep-o-placilu-programov-vrtca-zaradi-odsotnosti-otrok.pdf\">Ob\u010dina Tabor<\/a><\/p>\n<p><a href=\"http:\/\/www.os-vransko.si\/vrtec-vransko\/wp-content\/uploads\/sites\/3\/2025\/05\/12_5_2025_sklep-Trbovlje.pdf\">Ob\u010dina Trbovlje<\/a><\/p>\n<p><a href=\"https:\/\/osvranskotabor-my.sharepoint.com\/:b:\/g\/personal\/zvonkac_os-vransko_si\/EbVTnECiUD5Ek58owSrDt6YBNRLOjEXX8jltEp6P6XbmsA?e=SZAdxJ\">Ob\u010dina Vransko<\/a><\/p>\n<p><a href=\"http:\/\/www.os-vransko.si\/vrtec-vransko\/wp-content\/uploads\/sites\/3\/2025\/05\/12_5_2025_sklep_2025-VRHNIKA.pdf\">Ob\u010dina Vrhnika<\/a><\/p>\n<p><a href=\"http:\/\/www.os-vransko.si\/vrtec-vransko\/wp-content\/uploads\/sites\/3\/2025\/05\/15_5_2025_ZAGORJE-OB-SAVI-SKLEP.pdf\">Ob\u010dina Zagorje ob Savi<\/a><\/p>\n<p><a href=\"http:\/\/www.os-vransko.si\/vrtec-vransko\/wp-content\/uploads\/sites\/3\/2025\/05\/12_5_2025_Pocitniske-rezervacije-Obcina-Zalec-2025.pdf\">Ob\u010dina \u017dalec<\/a>[\/vc_column_text][\/vc_column][vc_column width=&#8221;1\/3&#8243;][vc_separator color=&#8221;white&#8221;][vc_single_image image=&#8221;1807&#8243; img_size=&#8221;full&#8221; alignment=&#8221;center&#8221;][\/vc_column][\/vc_row]<\/p>\n","protected":false},"excerpt":{"rendered":"<p>Povezave do Sklepa o dolo\u010ditvi cen programov pred\u0161olske vzgoje v javnih vrtcih in dodatnih ugodnosti za star\u0161e.<\/p>\n","protected":false},"author":1,"featured_media":1037,"comment_status":"closed","ping_status":"closed","sticky":false,"template":"","format":"standard","meta":{"ngg_post_thumbnail":0,"footnotes":""},"categories":[55],"tags":[],"class_list":["post-1787","post","type-post","status-publish","format-standard","has-post-thumbnail","hentry","category-sklepi-obcin-za-poletno-rezervacijo-vrtca","odd"],"_links":{"self":[{"href":"https:\/\/www.os-vransko.si\/vrtec-vransko\/wp-json\/wp\/v2\/posts\/1787","targetHints":{"allow":["GET"]}}],"collection":[{"href":"https:\/\/www.os-vransko.si\/vrtec-vransko\/wp-json\/wp\/v2\/posts"}],"about":[{"href":"https:\/\/www.os-vransko.si\/vrtec-vransko\/wp-json\/wp\/v2\/types\/post"}],"author":[{"embeddable":true,"href":"https:\/\/www.os-vransko.si\/vrtec-vransko\/wp-json\/wp\/v2\/users\/1"}],"replies":[{"embeddable":true,"href":"https:\/\/www.os-vransko.si\/vrtec-vransko\/wp-json\/wp\/v2\/comments?post=1787"}],"version-history":[{"count":9,"href":"https:\/\/www.os-vransko.si\/vrtec-vransko\/wp-json\/wp\/v2\/posts\/1787\/revisions"}],"predecessor-version":[{"id":1910,"href":"https:\/\/www.os-vransko.si\/vrtec-vransko\/wp-json\/wp\/v2\/posts\/1787\/revisions\/1910"}],"wp:featuredmedia":[{"embeddable":true,"href":"https:\/\/www.os-vransko.si\/vrtec-vransko\/wp-json\/wp\/v2\/media\/1037"}],"wp:attachment":[{"href":"https:\/\/www.os-vransko.si\/vrtec-vransko\/wp-json\/wp\/v2\/media?parent=1787"}],"wp:term":[{"taxonomy":"category","embeddable":true,"href":"https:\/\/www.os-vransko.si\/vrtec-vransko\/wp-json\/wp\/v2\/categories?post=1787"},{"taxonomy":"post_tag","embeddable":true,"href":"https:\/\/www.os-vransko.si\/vrtec-vransko\/wp-json\/wp\/v2\/tags?post=1787"}],"curies":[{"name":"wp","href":"https:\/\/api.w.org\/{rel}","templated":true}]}}