{"id":1879,"date":"2025-06-13T07:02:07","date_gmt":"2025-06-13T06:02:07","guid":{"rendered":"https:\/\/www.os-vransko.si\/vrtec-vransko\/?p=1879"},"modified":"2025-06-16T07:10:13","modified_gmt":"2025-06-16T06:10:13","slug":"v-vrtcu-tabor-gradim-nenasilno-komunikacijo-umetnost-kot-pot-do-socutja","status":"publish","type":"post","link":"https:\/\/www.os-vransko.si\/vrtec-vransko\/v-vrtcu-tabor-gradim-nenasilno-komunikacijo-umetnost-kot-pot-do-socutja\/","title":{"rendered":"V vrtcu Tabor gradim nenasilno komunikacijo \u2013 umetnost kot pot do so\u010dutja"},"content":{"rendered":"<p>[vc_row][vc_column][vc_column_text]V vrtcu Tabor so v okviru Tedna umetnosti 2025 otroci skozi razli\u010dne umetni\u0161ke dejavnosti raziskovali temo \u00bbGradim nenasilno komunikacijo\u00ab. Ob gosti, likovni umetnici in glasbenici, so risali, kiparili, plesali, poslu\u0161ali blues, spoznavali \u010dustva ob umetninah in ustvarili koti\u010dek za nenasilno komunikacijo. Ob umetni\u0161ki predstavi in skupinski razstavi so poglabljali empatijo, spo\u0161tovanje in izra\u017eanje lastnih ob\u010dutij. Teden je bil pre\u017eet s \u010dutenjem, ustvarjanjem in skupnostjo.&nbsp;<br \/>\nS <a href=\"https:\/\/www.os-vransko.si\/vrtec-tabor\/teden-umetnosti-v-vrtcu-tabor\/\">klikom na povezavo<\/a> preberite, kako so umetnost uporabili kot jezik povezovanja in izra\u017eanja.[\/vc_column_text][\/vc_column][\/vc_row]<\/p>\n","protected":false},"excerpt":{"rendered":"<p>Ko umetnost postane most med otrokom in svetom! V Tednu umetnosti so otroci iz vrtca Tabor skozi glasbo, ples, risbo in igro raziskovali, kako graditi nenasilno komunikacijo.<\/p>\n","protected":false},"author":1,"featured_media":1884,"comment_status":"closed","ping_status":"closed","sticky":false,"template":"","format":"standard","meta":{"ngg_post_thumbnail":0,"footnotes":""},"categories":[20],"tags":[],"class_list":["post-1879","post","type-post","status-publish","format-standard","has-post-thumbnail","hentry","category-utrinki","odd"],"_links":{"self":[{"href":"https:\/\/www.os-vransko.si\/vrtec-vransko\/wp-json\/wp\/v2\/posts\/1879","targetHints":{"allow":["GET"]}}],"collection":[{"href":"https:\/\/www.os-vransko.si\/vrtec-vransko\/wp-json\/wp\/v2\/posts"}],"about":[{"href":"https:\/\/www.os-vransko.si\/vrtec-vransko\/wp-json\/wp\/v2\/types\/post"}],"author":[{"embeddable":true,"href":"https:\/\/www.os-vransko.si\/vrtec-vransko\/wp-json\/wp\/v2\/users\/1"}],"replies":[{"embeddable":true,"href":"https:\/\/www.os-vransko.si\/vrtec-vransko\/wp-json\/wp\/v2\/comments?post=1879"}],"version-history":[{"count":3,"href":"https:\/\/www.os-vransko.si\/vrtec-vransko\/wp-json\/wp\/v2\/posts\/1879\/revisions"}],"predecessor-version":[{"id":1885,"href":"https:\/\/www.os-vransko.si\/vrtec-vransko\/wp-json\/wp\/v2\/posts\/1879\/revisions\/1885"}],"wp:featuredmedia":[{"embeddable":true,"href":"https:\/\/www.os-vransko.si\/vrtec-vransko\/wp-json\/wp\/v2\/media\/1884"}],"wp:attachment":[{"href":"https:\/\/www.os-vransko.si\/vrtec-vransko\/wp-json\/wp\/v2\/media?parent=1879"}],"wp:term":[{"taxonomy":"category","embeddable":true,"href":"https:\/\/www.os-vransko.si\/vrtec-vransko\/wp-json\/wp\/v2\/categories?post=1879"},{"taxonomy":"post_tag","embeddable":true,"href":"https:\/\/www.os-vransko.si\/vrtec-vransko\/wp-json\/wp\/v2\/tags?post=1879"}],"curies":[{"name":"wp","href":"https:\/\/api.w.org\/{rel}","templated":true}]}}