{"id":1902,"date":"2025-06-17T06:32:14","date_gmt":"2025-06-17T05:32:14","guid":{"rendered":"https:\/\/www.os-vransko.si\/vrtec-vransko\/?p=1902"},"modified":"2025-06-23T06:31:08","modified_gmt":"2025-06-23T05:31:08","slug":"obogatitveni-dan-s-cevlji-okrog-sveta-vrtec-tabor","status":"publish","type":"post","link":"https:\/\/www.os-vransko.si\/vrtec-vransko\/obogatitveni-dan-s-cevlji-okrog-sveta-vrtec-tabor\/","title":{"rendered":"Obogatitveni dan: S \u010cEVLJI OKROG SVETA (Vrtec Vransko)"},"content":{"rendered":"<p>[vc_row][vc_column][vc_column_text]Majski obogatitveni dan smo posvetili raziskovanju sveta skozi simboli\u010dni korak v obutvi razli\u010dnih kultur. Otroci so baletno zaplesali v Rusiji, s kavbojskimi \u0161kornji zajahali konje v Teksasu, v visokih petah manekensko zakorakali po pari\u0161ki modi in bosonogi stopili v afri\u0161ko \u010dutno pot. Vsaka dejavnost je otrokom pribli\u017eala novo dr\u017eavo, njeno kulturo in na\u010din \u017eivljenja, hkrati pa krepila empatijo, radovednost in spo\u0161tovanje do druga\u010dnosti.<\/p>\n<p>\ud83d\udc49 <a href=\"https:\/\/www.os-vransko.si\/oe-vrtec-vransko\/obogatitveni-dan-s-cevlji-okrog-sveta\/\">Kliknite<\/a> in preberite, kaj vse so otroci do\u017eiveli v tem posebnem dnevu.[\/vc_column_text][\/vc_column][\/vc_row]<\/p>\n","protected":false},"excerpt":{"rendered":"<p>Kaj se zgodi, ko si otroci nataknejo baletne copate, kavbojske \u0161kornje, japonke ali nizozemske cokle? <\/p>\n","protected":false},"author":1,"featured_media":1903,"comment_status":"closed","ping_status":"closed","sticky":false,"template":"","format":"standard","meta":{"ngg_post_thumbnail":0,"footnotes":""},"categories":[20],"tags":[],"class_list":["post-1902","post","type-post","status-publish","format-standard","has-post-thumbnail","hentry","category-utrinki","odd"],"_links":{"self":[{"href":"https:\/\/www.os-vransko.si\/vrtec-vransko\/wp-json\/wp\/v2\/posts\/1902","targetHints":{"allow":["GET"]}}],"collection":[{"href":"https:\/\/www.os-vransko.si\/vrtec-vransko\/wp-json\/wp\/v2\/posts"}],"about":[{"href":"https:\/\/www.os-vransko.si\/vrtec-vransko\/wp-json\/wp\/v2\/types\/post"}],"author":[{"embeddable":true,"href":"https:\/\/www.os-vransko.si\/vrtec-vransko\/wp-json\/wp\/v2\/users\/1"}],"replies":[{"embeddable":true,"href":"https:\/\/www.os-vransko.si\/vrtec-vransko\/wp-json\/wp\/v2\/comments?post=1902"}],"version-history":[{"count":3,"href":"https:\/\/www.os-vransko.si\/vrtec-vransko\/wp-json\/wp\/v2\/posts\/1902\/revisions"}],"predecessor-version":[{"id":1928,"href":"https:\/\/www.os-vransko.si\/vrtec-vransko\/wp-json\/wp\/v2\/posts\/1902\/revisions\/1928"}],"wp:featuredmedia":[{"embeddable":true,"href":"https:\/\/www.os-vransko.si\/vrtec-vransko\/wp-json\/wp\/v2\/media\/1903"}],"wp:attachment":[{"href":"https:\/\/www.os-vransko.si\/vrtec-vransko\/wp-json\/wp\/v2\/media?parent=1902"}],"wp:term":[{"taxonomy":"category","embeddable":true,"href":"https:\/\/www.os-vransko.si\/vrtec-vransko\/wp-json\/wp\/v2\/categories?post=1902"},{"taxonomy":"post_tag","embeddable":true,"href":"https:\/\/www.os-vransko.si\/vrtec-vransko\/wp-json\/wp\/v2\/tags?post=1902"}],"curies":[{"name":"wp","href":"https:\/\/api.w.org\/{rel}","templated":true}]}}