{"id":1906,"date":"2025-06-17T07:22:15","date_gmt":"2025-06-17T06:22:15","guid":{"rendered":"https:\/\/www.os-vransko.si\/vrtec-vransko\/?p=1906"},"modified":"2025-06-17T07:22:15","modified_gmt":"2025-06-17T06:22:15","slug":"zakljucno-srecanje-v-vrtcu-tabor","status":"publish","type":"post","link":"https:\/\/www.os-vransko.si\/vrtec-vransko\/zakljucno-srecanje-v-vrtcu-tabor\/","title":{"rendered":"ZAKLJU\u010cNO SRE\u010cANJE V VRTCU TABOR"},"content":{"rendered":"<p>[vc_row][vc_column][vc_column_text]Zaklju\u010dno sre\u010danje v vrtcu Tabor ni bilo zgolj slovo od \u0161olskega leta, temve\u010d pravo raziskovalno potovanje okoli sveta z matemati\u010dno noto. Otroci so se skupaj s star\u0161i podali v tematske koti\u010dke, ki so predstavljali razli\u010dne dr\u017eave in celine: sestavljali tangrame na Kitajskem, gradili gradove v Romuniji, ustvarjali kapnike iz Postojnske jame, barvali mad\u017earski porcelan in se prelevili v Piko Nogavi\u010dko na \u0160vedskem. V vsaki aktivnosti se je skrivala igra \u0161tevilk, oblik, mer in vzorcev \u2013 skozi barve, gibanje, domi\u0161ljijo in sodelovanje.<\/p>\n<p>\ud83d\udc49 <a href=\"https:\/\/www.os-vransko.si\/vrtec-tabor\/zakljucno-srecanje-v-vrtcu-tabor\/\">Kliknite<\/a> in preberite, kako smo skupaj stkali nova znanja in izku\u0161nje.[\/vc_column_text][\/vc_column][\/vc_row]<\/p>\n","protected":false},"excerpt":{"rendered":"<p>Na zaklju\u010dno sre\u010danje v vrtcu Tabor smo tokrat odpotovali kar okoli sveta \u2013 skozi igre, ustvarjalnost in matematiko, vtkano v kulturo razli\u010dnih narodov. Otroci in star\u0161i so skupaj odkrivali, kako pisana in zabavna zna biti matematika!<\/p>\n","protected":false},"author":1,"featured_media":1907,"comment_status":"closed","ping_status":"closed","sticky":false,"template":"","format":"standard","meta":{"ngg_post_thumbnail":0,"footnotes":""},"categories":[20],"tags":[],"class_list":["post-1906","post","type-post","status-publish","format-standard","has-post-thumbnail","hentry","category-utrinki","odd"],"_links":{"self":[{"href":"https:\/\/www.os-vransko.si\/vrtec-vransko\/wp-json\/wp\/v2\/posts\/1906","targetHints":{"allow":["GET"]}}],"collection":[{"href":"https:\/\/www.os-vransko.si\/vrtec-vransko\/wp-json\/wp\/v2\/posts"}],"about":[{"href":"https:\/\/www.os-vransko.si\/vrtec-vransko\/wp-json\/wp\/v2\/types\/post"}],"author":[{"embeddable":true,"href":"https:\/\/www.os-vransko.si\/vrtec-vransko\/wp-json\/wp\/v2\/users\/1"}],"replies":[{"embeddable":true,"href":"https:\/\/www.os-vransko.si\/vrtec-vransko\/wp-json\/wp\/v2\/comments?post=1906"}],"version-history":[{"count":1,"href":"https:\/\/www.os-vransko.si\/vrtec-vransko\/wp-json\/wp\/v2\/posts\/1906\/revisions"}],"predecessor-version":[{"id":1908,"href":"https:\/\/www.os-vransko.si\/vrtec-vransko\/wp-json\/wp\/v2\/posts\/1906\/revisions\/1908"}],"wp:featuredmedia":[{"embeddable":true,"href":"https:\/\/www.os-vransko.si\/vrtec-vransko\/wp-json\/wp\/v2\/media\/1907"}],"wp:attachment":[{"href":"https:\/\/www.os-vransko.si\/vrtec-vransko\/wp-json\/wp\/v2\/media?parent=1906"}],"wp:term":[{"taxonomy":"category","embeddable":true,"href":"https:\/\/www.os-vransko.si\/vrtec-vransko\/wp-json\/wp\/v2\/categories?post=1906"},{"taxonomy":"post_tag","embeddable":true,"href":"https:\/\/www.os-vransko.si\/vrtec-vransko\/wp-json\/wp\/v2\/tags?post=1906"}],"curies":[{"name":"wp","href":"https:\/\/api.w.org\/{rel}","templated":true}]}}