{"id":604,"date":"2021-02-26T22:39:29","date_gmt":"2021-02-26T21:39:29","guid":{"rendered":"http:\/\/www.os-vransko.si\/vrtec-vransko\/?p=604"},"modified":"2021-02-27T07:24:50","modified_gmt":"2021-02-27T06:24:50","slug":"povabilo-k-vpisu-v-vrtec-tabor-za-solsko-leto-2021-2022","status":"publish","type":"post","link":"https:\/\/www.os-vransko.si\/vrtec-vransko\/povabilo-k-vpisu-v-vrtec-tabor-za-solsko-leto-2021-2022\/","title":{"rendered":"POVABILO K VPISU V VRTEC TABOR za \u0161olsko leto 2021\/2022"},"content":{"rendered":"<p>[vc_row][vc_column][vc_column_text]Vpis pred\u0161olskih otrok NOVINCEV v programe za otroke od 1. do 5. leta starosti bo potekal od <strong>ponedeljka, 22. 3., do petka, 26. 3. 2021. <\/strong>Zaradi trenutnih epidemiolo\u0161kih razmer nam lahko izpolnjene vloge po\u0161ljete:<\/p>\n<p>&#8211; skenirane na na\u0161 spletni naslov:\u00a0<a href=\"mailto:vrtec.vransko@gmail.com\">vrtec.vransko@gmail.com<\/a>,<\/p>\n<p>&#8211; nam jih po\u0161ljete na na\u0161 naslov: <strong>O\u0160 Vransko-Tabor, OE vrtec, Vransko 23, 3305 Vransko<\/strong>,<\/p>\n<p>&#8211; ali jih oddate v <strong>nabiralnik pred vrtcem<\/strong>.<\/p>\n<p><strong>Zaradi la\u017eje organizacije dela in oblikovanja skupin ste k vpisu vabljeni tudi tisti star\u0161i otrok, ki se nam nameravate pridru\u017eiti med \u0161olskim letom 2021\/2022. Otroke sprejemamo preko celega leta, oz. do zapolnitev prostih mest.<\/strong><\/p>\n<p><strong>EVIDEN\u010cNI VPIS (za otroke, ki na\u0161 vrtec \u017ee obiskujejo)<\/strong> bo potekal od\u00a0 ponedeljka, 15. 3. 2021 , do petka, 19. 3. 2021. Star\u0161i prejmejo prijavnico v oddelku, ki ga obiskuje njihov otrok, in jo tja tudi vrnejo.<\/p>\n<p>In \u0161e dva napotka:<\/p>\n<ul>\n<li>Otroka vpi\u0161ejo star\u0161i s prijavnico, ki jo dobijo brezpla\u010dno v vrtcu ali si jo predhodno natisnejo s spletne strani vrtca.<\/li>\n<li>Prosimo vas, da izpolnite vse rubrike: dav\u010dna \u0161tevilka star\u0161ev in otrok, EM\u0160O za otroka in star\u0161a, telefonske \u0161tevilke, na katere so star\u0161i dosegljivi v \u010dasu otrokovega bivanja v vrtcu, elektronski naslov idr. Za pomo\u010d pri vpisu in informacije smo dosegljivi na tel. \u0161t. 03 703 23 92 (pom. ravnateljice, Mojca Brglez).<\/li>\n<\/ul>\n<p><strong>STAR\u0160I NOVINCEV PREJMEJO ODGOVOR NAJKASNEJE DO KONCA MESECA JUNIJA 2021<\/strong> (za otroke, ki bodo 1. 9. izpolnjevali pogoj, da bodo stari najmanj 11 mesecev).<\/p>\n<p>Na tem mestu vas obve\u0161\u010damo \u0161e, da je 29. 10. 2020\u00a0 stopil v veljavo Zakon o spremembah in dopolnitvah Zakona o nalezljivih boleznih, ki uvaja obvezno cepljenje vseh otrok pred vstopom v vrtec.<\/p>\n<p><em>\u00bbVklju\u010ditev necepljenega otroka v javni vrtec, kot je opredeljen po zakonu, ki ureja vrtce, in v javno sofinancirani program zasebnega vrtca v skladu z zakonom, ki ureja vrtce, se zavrne, \u010de iz potrdila pediatra o zdravstvenem stanju otroka izhaja, da otrok ni bil cepljen proti o\u0161picam, mumpsu in rde\u010dkam, pa za to ne obstajajo medicinski razlogi, ugotovljeni z odlo\u010dbo o opustitvi cepljenja iz 22.\u010d \u010dlena tega zakona.\u00ab\u00a0<\/em>(Uradni list RS, \u0161t.\u00a0<a href=\"http:\/\/www.uradni-list.si\/1\/objava.jsp?sop=2020-01-2523\">142\/20<\/a>).[\/vc_column_text][\/vc_column][\/vc_row]<\/p>\n","protected":false},"excerpt":{"rendered":"<p>Vpis pred\u0161olskih otrok NOVINCEV v programe za otroke od 1. do 5. leta starosti bo potekal od ponedeljka, 22. 3., do petka, 26. 3. 2021.<br \/>\nEVIDEN\u010cNI VPIS (za otroke, ki na\u0161 vrtec \u017ee obiskujejo) bo potekal od  ponedeljka, 15. 3. 2021 , do petka, 19. 3. 2021. Star\u0161i prejmejo prijavnico v oddelku, ki ga obiskuje njihov otrok, in jo tja tudi vrnejo.<\/p>\n","protected":false},"author":1,"featured_media":308,"comment_status":"closed","ping_status":"closed","sticky":false,"template":"","format":"standard","meta":{"ngg_post_thumbnail":0,"footnotes":""},"categories":[19,33],"tags":[],"class_list":["post-604","post","type-post","status-publish","format-standard","has-post-thumbnail","hentry","category-obvestila","category-obvestila-vrtec-tabor","odd"],"_links":{"self":[{"href":"https:\/\/www.os-vransko.si\/vrtec-vransko\/wp-json\/wp\/v2\/posts\/604","targetHints":{"allow":["GET"]}}],"collection":[{"href":"https:\/\/www.os-vransko.si\/vrtec-vransko\/wp-json\/wp\/v2\/posts"}],"about":[{"href":"https:\/\/www.os-vransko.si\/vrtec-vransko\/wp-json\/wp\/v2\/types\/post"}],"author":[{"embeddable":true,"href":"https:\/\/www.os-vransko.si\/vrtec-vransko\/wp-json\/wp\/v2\/users\/1"}],"replies":[{"embeddable":true,"href":"https:\/\/www.os-vransko.si\/vrtec-vransko\/wp-json\/wp\/v2\/comments?post=604"}],"version-history":[{"count":2,"href":"https:\/\/www.os-vransko.si\/vrtec-vransko\/wp-json\/wp\/v2\/posts\/604\/revisions"}],"predecessor-version":[{"id":632,"href":"https:\/\/www.os-vransko.si\/vrtec-vransko\/wp-json\/wp\/v2\/posts\/604\/revisions\/632"}],"wp:featuredmedia":[{"embeddable":true,"href":"https:\/\/www.os-vransko.si\/vrtec-vransko\/wp-json\/wp\/v2\/media\/308"}],"wp:attachment":[{"href":"https:\/\/www.os-vransko.si\/vrtec-vransko\/wp-json\/wp\/v2\/media?parent=604"}],"wp:term":[{"taxonomy":"category","embeddable":true,"href":"https:\/\/www.os-vransko.si\/vrtec-vransko\/wp-json\/wp\/v2\/categories?post=604"},{"taxonomy":"post_tag","embeddable":true,"href":"https:\/\/www.os-vransko.si\/vrtec-vransko\/wp-json\/wp\/v2\/tags?post=604"}],"curies":[{"name":"wp","href":"https:\/\/api.w.org\/{rel}","templated":true}]}}